{"id":105658,"date":"2023-06-08T17:00:07","date_gmt":"2023-06-08T15:00:07","guid":{"rendered":"https:\/\/www.traveltothemagic.net\/juntos-una-aventura-de-pixar-se-inaugura-el-15-de-julio-en-disneyland-paris\/"},"modified":"2023-07-19T23:39:47","modified_gmt":"2023-07-19T21:39:47","slug":"juntos-una-aventura-de-pixar-se-inaugura-el-15-de-julio-en-disneyland-paris","status":"publish","type":"post","link":"https:\/\/www.traveltothemagic.net\/es\/juntos-una-aventura-de-pixar-se-inaugura-el-15-de-julio-en-disneyland-paris\/","title":{"rendered":"JUNTOS: Una aventura de Pixar se inaugura el 15 de julio en Disneyland Par\u00eds"},"content":{"rendered":"<p>El espect\u00e1culo esc\u00e9nico de Pixar previamente anunciado <a href=\"https:\/\/www.traveltothemagic.net\/entertainment\/together-a-pixar-musical-adventure\/\">JUNTOS: Una Aventura<\/a> Pixar, por fin tiene fecha de estreno: el 15 de julio. Esta nueva aventura musical -una producci\u00f3n original y exclusiva de Disneyland Par\u00eds- celebrar\u00e1 diariamente a algunos de los personajes m\u00e1s queridos de Pixar en el escenario del Studio Theater del Parque Walt Disney Studios.<\/p>\n<p><img decoding=\"async\" class=\"alignnone wp-image-105074\" src=\"https:\/\/www.traveltothemagic.net\/wp-content\/uploads\/2023\/07\/TOGETHER-Key-VIsual.jpg\" alt=\"\" width=\"698\" height=\"442\" srcset=\"https:\/\/www.traveltothemagic.net\/wp-content\/uploads\/2023\/07\/TOGETHER-Key-VIsual.jpg 1920w, https:\/\/www.traveltothemagic.net\/wp-content\/uploads\/2023\/07\/TOGETHER-Key-VIsual-300x190.jpg 300w, https:\/\/www.traveltothemagic.net\/wp-content\/uploads\/2023\/07\/TOGETHER-Key-VIsual-768x486.jpg 768w, https:\/\/www.traveltothemagic.net\/wp-content\/uploads\/2023\/07\/TOGETHER-Key-VIsual-1536x972.jpg 1536w\" sizes=\"(max-width: 698px) 100vw, 698px\" \/><\/p>\n<p>Con el apoyo de una orquesta en directo, este espect\u00e1culo innovador y creativo invitar\u00e1 a los invitados a embarcarse en un viaje espectacular y po\u00e9tico y a experimentar c\u00f3mo la m\u00fasica y la amistad nos unen, viajando a los mundos de Toy Story, Coco, Up, Monsters, Inc. y Buscando a Nemo. \u00abJUNTOS: una aventura musical de Pixar\u00bb se gu\u00eda por una audaz direcci\u00f3n art\u00edstica que mezcla tecnolog\u00eda tradicional y de vanguardia, iluminaci\u00f3n creativa, efectos multisensoriales y coreograf\u00eda contempor\u00e1nea, todo ello acompa\u00f1ado de m\u00fasica ic\u00f3nica, as\u00ed como de una partitura original.<\/p>\n<p>Cinco veces al d\u00eda, este espect\u00e1culo sumergir\u00e1 a los visitantes en memorables historias de Pixar, ampliando la lista de espect\u00e1culos de alta calidad de Disneyland Par\u00eds y reforzando la posici\u00f3n del complejo como l\u00edder del entretenimiento en Europa.<\/p>\n","protected":false},"excerpt":{"rendered":"<p>El espect\u00e1culo esc\u00e9nico de Pixar previamente anunciado JUNTOS: Una Aventura Pixar, por fin tiene fecha de estreno: el 15 de julio. Esta nueva aventura musical -una producci\u00f3n original y exclusiva de Disneyland Par\u00eds- celebrar\u00e1 diariamente a algunos de los personajes m\u00e1s queridos de Pixar en el escenario del Studio Theater del Parque Walt Disney Studios. &#8230; <a title=\"JUNTOS: Una aventura de Pixar se inaugura el 15 de julio en Disneyland Par\u00eds\" class=\"read-more\" href=\"https:\/\/www.traveltothemagic.net\/es\/juntos-una-aventura-de-pixar-se-inaugura-el-15-de-julio-en-disneyland-paris\/\" aria-label=\"Read more about JUNTOS: Una aventura de Pixar se inaugura el 15 de julio en Disneyland Par\u00eds\">Read more<\/a><\/p>\n","protected":false},"author":1,"featured_media":105080,"comment_status":"closed","ping_status":"closed","sticky":false,"template":"","format":"standard","meta":{"_lmt_disableupdate":"","_lmt_disable":"","footnotes":""},"categories":[1],"tags":[],"yoast_head":"<!-- This site is optimized with the Yoast SEO Premium plugin v20.11 (Yoast SEO v21.3) - https:\/\/yoast.com\/wordpress\/plugins\/seo\/ -->\n<title>JUNTOS: Una aventura de Pixar se inaugura el 15 de julio en Disneyland Par\u00eds - Travel to the Magic<\/title>\n<meta name=\"robots\" content=\"index, follow, max-snippet:-1, max-image-preview:large, max-video-preview:-1\" \/>\n<link rel=\"canonical\" href=\"https:\/\/www.traveltothemagic.net\/es\/juntos-una-aventura-de-pixar-se-inaugura-el-15-de-julio-en-disneyland-paris\/\" \/>\n<meta property=\"og:locale\" content=\"es_ES\" \/>\n<meta property=\"og:type\" content=\"article\" \/>\n<meta property=\"og:title\" content=\"JUNTOS: Una aventura de Pixar se inaugura el 15 de julio en Disneyland Par\u00eds\" \/>\n<meta property=\"og:description\" content=\"El espect\u00e1culo esc\u00e9nico de Pixar previamente anunciado JUNTOS: Una Aventura Pixar, por fin tiene fecha de estreno: el 15 de julio. Esta nueva aventura\" \/>\n<meta property=\"og:url\" content=\"https:\/\/www.traveltothemagic.net\/es\/juntos-una-aventura-de-pixar-se-inaugura-el-15-de-julio-en-disneyland-paris\/\" \/>\n<meta property=\"og:site_name\" content=\"Travel to the Magic\" \/>\n<meta property=\"article:publisher\" content=\"https:\/\/www.facebook.com\/travelttmagic\/\" \/>\n<meta property=\"article:published_time\" content=\"2023-06-08T15:00:07+00:00\" \/>\n<meta property=\"article:modified_time\" content=\"2023-07-19T21:39:47+00:00\" \/>\n<meta property=\"og:image\" content=\"https:\/\/www.traveltothemagic.net\/wp-content\/uploads\/2023\/07\/TOGETHER-Key-VIsual.jpg\" \/>\n\t<meta property=\"og:image:width\" content=\"1920\" \/>\n\t<meta property=\"og:image:height\" content=\"1215\" \/>\n\t<meta property=\"og:image:type\" content=\"image\/jpeg\" \/>\n<meta name=\"author\" content=\"Arvid Bux\" \/>\n<meta name=\"twitter:card\" content=\"summary_large_image\" \/>\n<meta name=\"twitter:creator\" content=\"@https:\/\/www.twitter.com\/arvid\" \/>\n<meta name=\"twitter:site\" content=\"@travelttmagic\" \/>\n<meta name=\"twitter:label1\" content=\"Escrito por\" \/>\n\t<meta name=\"twitter:data1\" content=\"Arvid Bux\" \/>\n\t<meta name=\"twitter:label2\" content=\"Tiempo de lectura\" \/>\n\t<meta name=\"twitter:data2\" content=\"1 minuto\" \/>\n<script type=\"application\/ld+json\" class=\"yoast-schema-graph\">{\"@context\":\"https:\/\/schema.org\",\"@graph\":[{\"@type\":\"Article\",\"@id\":\"https:\/\/www.traveltothemagic.net\/es\/juntos-una-aventura-de-pixar-se-inaugura-el-15-de-julio-en-disneyland-paris\/#article\",\"isPartOf\":{\"@id\":\"https:\/\/www.traveltothemagic.net\/es\/juntos-una-aventura-de-pixar-se-inaugura-el-15-de-julio-en-disneyland-paris\/\"},\"author\":{\"name\":\"Arvid Bux\",\"@id\":\"https:\/\/www.traveltothemagic.net\/es\/#\/schema\/person\/c85c693e7becead8be433a4f677c5094\"},\"headline\":\"JUNTOS: Una aventura de Pixar se inaugura el 15 de julio en Disneyland Par\u00eds\",\"datePublished\":\"2023-06-08T15:00:07+00:00\",\"dateModified\":\"2023-07-19T21:39:47+00:00\",\"mainEntityOfPage\":{\"@id\":\"https:\/\/www.traveltothemagic.net\/es\/juntos-una-aventura-de-pixar-se-inaugura-el-15-de-julio-en-disneyland-paris\/\"},\"wordCount\":221,\"publisher\":{\"@id\":\"https:\/\/www.traveltothemagic.net\/es\/#organization\"},\"articleSection\":[\"Uncategorized\"],\"inLanguage\":\"es\"},{\"@type\":\"WebPage\",\"@id\":\"https:\/\/www.traveltothemagic.net\/es\/juntos-una-aventura-de-pixar-se-inaugura-el-15-de-julio-en-disneyland-paris\/\",\"url\":\"https:\/\/www.traveltothemagic.net\/es\/juntos-una-aventura-de-pixar-se-inaugura-el-15-de-julio-en-disneyland-paris\/\",\"name\":\"JUNTOS: Una aventura de Pixar se inaugura el 15 de julio en Disneyland Par\u00eds - Travel to the Magic\",\"isPartOf\":{\"@id\":\"https:\/\/www.traveltothemagic.net\/es\/#website\"},\"datePublished\":\"2023-06-08T15:00:07+00:00\",\"dateModified\":\"2023-07-19T21:39:47+00:00\",\"breadcrumb\":{\"@id\":\"https:\/\/www.traveltothemagic.net\/es\/juntos-una-aventura-de-pixar-se-inaugura-el-15-de-julio-en-disneyland-paris\/#breadcrumb\"},\"inLanguage\":\"es\",\"potentialAction\":[{\"@type\":\"ReadAction\",\"target\":[\"https:\/\/www.traveltothemagic.net\/es\/juntos-una-aventura-de-pixar-se-inaugura-el-15-de-julio-en-disneyland-paris\/\"]}]},{\"@type\":\"BreadcrumbList\",\"@id\":\"https:\/\/www.traveltothemagic.net\/es\/juntos-una-aventura-de-pixar-se-inaugura-el-15-de-julio-en-disneyland-paris\/#breadcrumb\",\"itemListElement\":[{\"@type\":\"ListItem\",\"position\":1,\"name\":\"Home\",\"item\":\"https:\/\/www.traveltothemagic.net\/es\/frontpage\/\"},{\"@type\":\"ListItem\",\"position\":2,\"name\":\"Sin categorizar\",\"item\":\"https:\/\/www.traveltothemagic.net\/es\/.\/sin-categorizar\/\"},{\"@type\":\"ListItem\",\"position\":3,\"name\":\"JUNTOS: Una aventura de Pixar se inaugura el 15 de julio en Disneyland Par\u00eds\"}]},{\"@type\":\"WebSite\",\"@id\":\"https:\/\/www.traveltothemagic.net\/es\/#website\",\"url\":\"https:\/\/www.traveltothemagic.net\/es\/\",\"name\":\"Travel to the Magic\",\"description\":\"Your resource for travel to Disney Parks and more\",\"publisher\":{\"@id\":\"https:\/\/www.traveltothemagic.net\/es\/#organization\"},\"potentialAction\":[{\"@type\":\"SearchAction\",\"target\":{\"@type\":\"EntryPoint\",\"urlTemplate\":\"https:\/\/www.traveltothemagic.net\/es\/?s={search_term_string}\"},\"query-input\":\"required name=search_term_string\"}],\"inLanguage\":\"es\"},{\"@type\":\"Organization\",\"@id\":\"https:\/\/www.traveltothemagic.net\/es\/#organization\",\"name\":\"Travel to the Magic\",\"url\":\"https:\/\/www.traveltothemagic.net\/es\/\",\"logo\":{\"@type\":\"ImageObject\",\"inLanguage\":\"es\",\"@id\":\"https:\/\/www.traveltothemagic.net\/es\/#\/schema\/logo\/image\/\",\"url\":\"https:\/\/www.traveltothemagic.net\/wp-content\/uploads\/2022\/05\/TTTM_Banner.png\",\"contentUrl\":\"https:\/\/www.traveltothemagic.net\/wp-content\/uploads\/2022\/05\/TTTM_Banner.png\",\"width\":2400,\"height\":587,\"caption\":\"Travel to the Magic\"},\"image\":{\"@id\":\"https:\/\/www.traveltothemagic.net\/es\/#\/schema\/logo\/image\/\"},\"sameAs\":[\"https:\/\/www.facebook.com\/travelttmagic\/\",\"https:\/\/twitter.com\/travelttmagic\",\"https:\/\/www.instagram.com\/travelttmagic\/\",\"https:\/\/www.youtube.com\/channel\/UCeE1x22RUo5og7XkiItPD5w\"]},{\"@type\":\"Person\",\"@id\":\"https:\/\/www.traveltothemagic.net\/es\/#\/schema\/person\/c85c693e7becead8be433a4f677c5094\",\"name\":\"Arvid Bux\",\"image\":{\"@type\":\"ImageObject\",\"inLanguage\":\"es\",\"@id\":\"https:\/\/www.traveltothemagic.net\/es\/#\/schema\/person\/image\/\",\"url\":\"https:\/\/secure.gravatar.com\/avatar\/588590ee1fa85298ecdeb1c730f746bf?s=96&d=mm&r=g\",\"contentUrl\":\"https:\/\/secure.gravatar.com\/avatar\/588590ee1fa85298ecdeb1c730f746bf?s=96&d=mm&r=g\",\"caption\":\"Arvid Bux\"},\"sameAs\":[\"https:\/\/twitter.com\/https:\/\/www.twitter.com\/arvid\"],\"url\":\"https:\/\/www.traveltothemagic.net\/es\/author\/arvidbux\/\"}]}<\/script>\n<!-- \/ Yoast SEO Premium plugin. -->","yoast_head_json":{"title":"JUNTOS: Una aventura de Pixar se inaugura el 15 de julio en Disneyland Par\u00eds - Travel to the Magic","robots":{"index":"index","follow":"follow","max-snippet":"max-snippet:-1","max-image-preview":"max-image-preview:large","max-video-preview":"max-video-preview:-1"},"canonical":"https:\/\/www.traveltothemagic.net\/es\/juntos-una-aventura-de-pixar-se-inaugura-el-15-de-julio-en-disneyland-paris\/","og_locale":"es_ES","og_type":"article","og_title":"JUNTOS: Una aventura de Pixar se inaugura el 15 de julio en Disneyland Par\u00eds","og_description":"El espect\u00e1culo esc\u00e9nico de Pixar previamente anunciado JUNTOS: Una Aventura Pixar, por fin tiene fecha de estreno: el 15 de julio. Esta nueva aventura","og_url":"https:\/\/www.traveltothemagic.net\/es\/juntos-una-aventura-de-pixar-se-inaugura-el-15-de-julio-en-disneyland-paris\/","og_site_name":"Travel to the Magic","article_publisher":"https:\/\/www.facebook.com\/travelttmagic\/","article_published_time":"2023-06-08T15:00:07+00:00","article_modified_time":"2023-07-19T21:39:47+00:00","og_image":[{"width":1920,"height":1215,"url":"https:\/\/www.traveltothemagic.net\/wp-content\/uploads\/2023\/07\/TOGETHER-Key-VIsual.jpg","type":"image\/jpeg"}],"author":"Arvid Bux","twitter_card":"summary_large_image","twitter_creator":"@https:\/\/www.twitter.com\/arvid","twitter_site":"@travelttmagic","twitter_misc":{"Escrito por":"Arvid Bux","Tiempo de lectura":"1 minuto"},"schema":{"@context":"https:\/\/schema.org","@graph":[{"@type":"Article","@id":"https:\/\/www.traveltothemagic.net\/es\/juntos-una-aventura-de-pixar-se-inaugura-el-15-de-julio-en-disneyland-paris\/#article","isPartOf":{"@id":"https:\/\/www.traveltothemagic.net\/es\/juntos-una-aventura-de-pixar-se-inaugura-el-15-de-julio-en-disneyland-paris\/"},"author":{"name":"Arvid Bux","@id":"https:\/\/www.traveltothemagic.net\/es\/#\/schema\/person\/c85c693e7becead8be433a4f677c5094"},"headline":"JUNTOS: Una aventura de Pixar se inaugura el 15 de julio en Disneyland Par\u00eds","datePublished":"2023-06-08T15:00:07+00:00","dateModified":"2023-07-19T21:39:47+00:00","mainEntityOfPage":{"@id":"https:\/\/www.traveltothemagic.net\/es\/juntos-una-aventura-de-pixar-se-inaugura-el-15-de-julio-en-disneyland-paris\/"},"wordCount":221,"publisher":{"@id":"https:\/\/www.traveltothemagic.net\/es\/#organization"},"articleSection":["Uncategorized"],"inLanguage":"es"},{"@type":"WebPage","@id":"https:\/\/www.traveltothemagic.net\/es\/juntos-una-aventura-de-pixar-se-inaugura-el-15-de-julio-en-disneyland-paris\/","url":"https:\/\/www.traveltothemagic.net\/es\/juntos-una-aventura-de-pixar-se-inaugura-el-15-de-julio-en-disneyland-paris\/","name":"JUNTOS: Una aventura de Pixar se inaugura el 15 de julio en Disneyland Par\u00eds - Travel to the Magic","isPartOf":{"@id":"https:\/\/www.traveltothemagic.net\/es\/#website"},"datePublished":"2023-06-08T15:00:07+00:00","dateModified":"2023-07-19T21:39:47+00:00","breadcrumb":{"@id":"https:\/\/www.traveltothemagic.net\/es\/juntos-una-aventura-de-pixar-se-inaugura-el-15-de-julio-en-disneyland-paris\/#breadcrumb"},"inLanguage":"es","potentialAction":[{"@type":"ReadAction","target":["https:\/\/www.traveltothemagic.net\/es\/juntos-una-aventura-de-pixar-se-inaugura-el-15-de-julio-en-disneyland-paris\/"]}]},{"@type":"BreadcrumbList","@id":"https:\/\/www.traveltothemagic.net\/es\/juntos-una-aventura-de-pixar-se-inaugura-el-15-de-julio-en-disneyland-paris\/#breadcrumb","itemListElement":[{"@type":"ListItem","position":1,"name":"Home","item":"https:\/\/www.traveltothemagic.net\/es\/frontpage\/"},{"@type":"ListItem","position":2,"name":"Sin categorizar","item":"https:\/\/www.traveltothemagic.net\/es\/.\/sin-categorizar\/"},{"@type":"ListItem","position":3,"name":"JUNTOS: Una aventura de Pixar se inaugura el 15 de julio en Disneyland Par\u00eds"}]},{"@type":"WebSite","@id":"https:\/\/www.traveltothemagic.net\/es\/#website","url":"https:\/\/www.traveltothemagic.net\/es\/","name":"Travel to the Magic","description":"Your resource for travel to Disney Parks and more","publisher":{"@id":"https:\/\/www.traveltothemagic.net\/es\/#organization"},"potentialAction":[{"@type":"SearchAction","target":{"@type":"EntryPoint","urlTemplate":"https:\/\/www.traveltothemagic.net\/es\/?s={search_term_string}"},"query-input":"required name=search_term_string"}],"inLanguage":"es"},{"@type":"Organization","@id":"https:\/\/www.traveltothemagic.net\/es\/#organization","name":"Travel to the Magic","url":"https:\/\/www.traveltothemagic.net\/es\/","logo":{"@type":"ImageObject","inLanguage":"es","@id":"https:\/\/www.traveltothemagic.net\/es\/#\/schema\/logo\/image\/","url":"https:\/\/www.traveltothemagic.net\/wp-content\/uploads\/2022\/05\/TTTM_Banner.png","contentUrl":"https:\/\/www.traveltothemagic.net\/wp-content\/uploads\/2022\/05\/TTTM_Banner.png","width":2400,"height":587,"caption":"Travel to the Magic"},"image":{"@id":"https:\/\/www.traveltothemagic.net\/es\/#\/schema\/logo\/image\/"},"sameAs":["https:\/\/www.facebook.com\/travelttmagic\/","https:\/\/twitter.com\/travelttmagic","https:\/\/www.instagram.com\/travelttmagic\/","https:\/\/www.youtube.com\/channel\/UCeE1x22RUo5og7XkiItPD5w"]},{"@type":"Person","@id":"https:\/\/www.traveltothemagic.net\/es\/#\/schema\/person\/c85c693e7becead8be433a4f677c5094","name":"Arvid Bux","image":{"@type":"ImageObject","inLanguage":"es","@id":"https:\/\/www.traveltothemagic.net\/es\/#\/schema\/person\/image\/","url":"https:\/\/secure.gravatar.com\/avatar\/588590ee1fa85298ecdeb1c730f746bf?s=96&d=mm&r=g","contentUrl":"https:\/\/secure.gravatar.com\/avatar\/588590ee1fa85298ecdeb1c730f746bf?s=96&d=mm&r=g","caption":"Arvid Bux"},"sameAs":["https:\/\/twitter.com\/https:\/\/www.twitter.com\/arvid"],"url":"https:\/\/www.traveltothemagic.net\/es\/author\/arvidbux\/"}]}},"modified_by":null,"_links":{"self":[{"href":"https:\/\/www.traveltothemagic.net\/es\/wp-json\/wp\/v2\/posts\/105658"}],"collection":[{"href":"https:\/\/www.traveltothemagic.net\/es\/wp-json\/wp\/v2\/posts"}],"about":[{"href":"https:\/\/www.traveltothemagic.net\/es\/wp-json\/wp\/v2\/types\/post"}],"author":[{"embeddable":true,"href":"https:\/\/www.traveltothemagic.net\/es\/wp-json\/wp\/v2\/users\/1"}],"replies":[{"embeddable":true,"href":"https:\/\/www.traveltothemagic.net\/es\/wp-json\/wp\/v2\/comments?post=105658"}],"version-history":[{"count":0,"href":"https:\/\/www.traveltothemagic.net\/es\/wp-json\/wp\/v2\/posts\/105658\/revisions"}],"wp:featuredmedia":[{"embeddable":true,"href":"https:\/\/www.traveltothemagic.net\/es\/wp-json\/wp\/v2\/media\/105080"}],"wp:attachment":[{"href":"https:\/\/www.traveltothemagic.net\/es\/wp-json\/wp\/v2\/media?parent=105658"}],"wp:term":[{"taxonomy":"category","embeddable":true,"href":"https:\/\/www.traveltothemagic.net\/es\/wp-json\/wp\/v2\/categories?post=105658"},{"taxonomy":"post_tag","embeddable":true,"href":"https:\/\/www.traveltothemagic.net\/es\/wp-json\/wp\/v2\/tags?post=105658"}],"curies":[{"name":"wp","href":"https:\/\/api.w.org\/{rel}","templated":true}]}}