{"id":103537,"date":"2022-09-11T22:53:31","date_gmt":"2022-09-11T20:53:31","guid":{"rendered":"https:\/\/www.traveltothemagic.net\/nuevo-espectaculo-escenico-pixar-we-belong-together-anunciado-para-disneyland-paris\/"},"modified":"2022-09-11T22:53:31","modified_gmt":"2022-09-11T20:53:31","slug":"nuevo-espectaculo-escenico-pixar-we-belong-together-anunciado-para-disneyland-paris","status":"publish","type":"post","link":"https:\/\/www.traveltothemagic.net\/es\/nuevo-espectaculo-escenico-pixar-we-belong-together-anunciado-para-disneyland-paris\/","title":{"rendered":"Nuevo espect\u00e1culo esc\u00e9nico \u00abPixar: We Belong Together\u00bb anunciado para Disneyland Par\u00eds"},"content":{"rendered":"<p>Durante la D23 Expo 2022, se anunci\u00f3 que un nuevo espect\u00e1culo esc\u00e9nico llegar\u00e1 al Studio Theater del Parque Walt Disney Studios en el verano de 2023.<\/p>\n<p><img decoding=\"async\" class=\"alignnone size-full wp-image-102497\" src=\"https:\/\/www.traveltothemagic.net\/wp-content\/uploads\/2022\/09\/2022-09-11T13_50_37.8696920-07_00.jpg\" alt=\"\" width=\"1440\" height=\"795\" srcset=\"https:\/\/www.traveltothemagic.net\/wp-content\/uploads\/2022\/09\/2022-09-11T13_50_37.8696920-07_00.jpg 1440w, https:\/\/www.traveltothemagic.net\/wp-content\/uploads\/2022\/09\/2022-09-11T13_50_37.8696920-07_00-300x166.jpg 300w, https:\/\/www.traveltothemagic.net\/wp-content\/uploads\/2022\/09\/2022-09-11T13_50_37.8696920-07_00-768x424.jpg 768w\" sizes=\"(max-width: 1440px) 100vw, 1440px\" \/><\/p>\n<p>\u00abPixar: We Belong Together\u00bb, destacar\u00e1 c\u00f3mo la amistad y la familia nos aportan y nos mantienen. Combinar\u00e1 una tecnolog\u00eda esc\u00e9nica espectacular, un dise\u00f1o de v\u00eddeo e iluminaci\u00f3n de \u00faltima generaci\u00f3n y un gran reparto de personajes de muchas pel\u00edculas queridas de Pixar.<\/p>\n","protected":false},"excerpt":{"rendered":"<p>Durante la D23 Expo 2022, se anunci\u00f3 que un nuevo espect\u00e1culo esc\u00e9nico llegar\u00e1 al Studio Theater del Parque Walt Disney Studios en el verano de 2023. \u00abPixar: We Belong Together\u00bb, destacar\u00e1 c\u00f3mo la amistad y la familia nos aportan y nos mantienen. Combinar\u00e1 una tecnolog\u00eda esc\u00e9nica espectacular, un dise\u00f1o de v\u00eddeo e iluminaci\u00f3n de \u00faltima &#8230; <a title=\"Nuevo espect\u00e1culo esc\u00e9nico \u00abPixar: We Belong Together\u00bb anunciado para Disneyland Par\u00eds\" class=\"read-more\" href=\"https:\/\/www.traveltothemagic.net\/es\/nuevo-espectaculo-escenico-pixar-we-belong-together-anunciado-para-disneyland-paris\/\" aria-label=\"Read more about Nuevo espect\u00e1culo esc\u00e9nico \u00abPixar: We Belong Together\u00bb anunciado para Disneyland Par\u00eds\">Read more<\/a><\/p>\n","protected":false},"author":1,"featured_media":102503,"comment_status":"closed","ping_status":"closed","sticky":false,"template":"","format":"standard","meta":{"_lmt_disableupdate":"","_lmt_disable":"","footnotes":""},"categories":[1],"tags":[],"yoast_head":"<!-- This site is optimized with the Yoast SEO Premium plugin v20.11 (Yoast SEO v21.3) - https:\/\/yoast.com\/wordpress\/plugins\/seo\/ -->\n<title>Nuevo espect\u00e1culo esc\u00e9nico &quot;Pixar: We Belong Together&quot; anunciado para Disneyland Par\u00eds - Travel to the Magic<\/title>\n<meta name=\"robots\" content=\"index, follow, max-snippet:-1, max-image-preview:large, max-video-preview:-1\" \/>\n<link rel=\"canonical\" href=\"https:\/\/www.traveltothemagic.net\/es\/nuevo-espectaculo-escenico-pixar-we-belong-together-anunciado-para-disneyland-paris\/\" \/>\n<meta property=\"og:locale\" content=\"es_ES\" \/>\n<meta property=\"og:type\" content=\"article\" \/>\n<meta property=\"og:title\" content=\"Nuevo espect\u00e1culo esc\u00e9nico &quot;Pixar: We Belong Together&quot; anunciado para Disneyland Par\u00eds\" \/>\n<meta property=\"og:description\" content=\"Durante la D23 Expo 2022, se anunci\u00f3 que un nuevo espect\u00e1culo esc\u00e9nico llegar\u00e1 al Studio Theater del Parque Walt Disney Studios en el verano de 2023.\" \/>\n<meta property=\"og:url\" content=\"https:\/\/www.traveltothemagic.net\/es\/nuevo-espectaculo-escenico-pixar-we-belong-together-anunciado-para-disneyland-paris\/\" \/>\n<meta property=\"og:site_name\" content=\"Travel to the Magic\" \/>\n<meta property=\"article:publisher\" content=\"https:\/\/www.facebook.com\/travelttmagic\/\" \/>\n<meta property=\"article:published_time\" content=\"2022-09-11T20:53:31+00:00\" \/>\n<meta property=\"og:image\" content=\"https:\/\/www.traveltothemagic.net\/wp-content\/uploads\/2022\/09\/2022-09-11T13_50_37.8696920-07_00.jpg\" \/>\n\t<meta property=\"og:image:width\" content=\"1440\" \/>\n\t<meta property=\"og:image:height\" content=\"795\" \/>\n\t<meta property=\"og:image:type\" content=\"image\/jpeg\" \/>\n<meta name=\"author\" content=\"Arvid Bux\" \/>\n<meta name=\"twitter:card\" content=\"summary_large_image\" \/>\n<meta name=\"twitter:creator\" content=\"@https:\/\/www.twitter.com\/arvid\" \/>\n<meta name=\"twitter:site\" content=\"@travelttmagic\" \/>\n<meta name=\"twitter:label1\" content=\"Escrito por\" \/>\n\t<meta name=\"twitter:data1\" content=\"Arvid Bux\" \/>\n<script type=\"application\/ld+json\" class=\"yoast-schema-graph\">{\"@context\":\"https:\/\/schema.org\",\"@graph\":[{\"@type\":\"Article\",\"@id\":\"https:\/\/www.traveltothemagic.net\/es\/nuevo-espectaculo-escenico-pixar-we-belong-together-anunciado-para-disneyland-paris\/#article\",\"isPartOf\":{\"@id\":\"https:\/\/www.traveltothemagic.net\/es\/nuevo-espectaculo-escenico-pixar-we-belong-together-anunciado-para-disneyland-paris\/\"},\"author\":{\"name\":\"Arvid Bux\",\"@id\":\"https:\/\/www.traveltothemagic.net\/es\/#\/schema\/person\/c85c693e7becead8be433a4f677c5094\"},\"headline\":\"Nuevo espect\u00e1culo esc\u00e9nico \u00abPixar: We Belong Together\u00bb anunciado para Disneyland Par\u00eds\",\"datePublished\":\"2022-09-11T20:53:31+00:00\",\"dateModified\":\"2022-09-11T20:53:31+00:00\",\"mainEntityOfPage\":{\"@id\":\"https:\/\/www.traveltothemagic.net\/es\/nuevo-espectaculo-escenico-pixar-we-belong-together-anunciado-para-disneyland-paris\/\"},\"wordCount\":90,\"publisher\":{\"@id\":\"https:\/\/www.traveltothemagic.net\/es\/#organization\"},\"articleSection\":[\"Uncategorized\"],\"inLanguage\":\"es\"},{\"@type\":\"WebPage\",\"@id\":\"https:\/\/www.traveltothemagic.net\/es\/nuevo-espectaculo-escenico-pixar-we-belong-together-anunciado-para-disneyland-paris\/\",\"url\":\"https:\/\/www.traveltothemagic.net\/es\/nuevo-espectaculo-escenico-pixar-we-belong-together-anunciado-para-disneyland-paris\/\",\"name\":\"Nuevo espect\u00e1culo esc\u00e9nico \\\"Pixar: We Belong Together\\\" anunciado para Disneyland Par\u00eds - Travel to the Magic\",\"isPartOf\":{\"@id\":\"https:\/\/www.traveltothemagic.net\/es\/#website\"},\"datePublished\":\"2022-09-11T20:53:31+00:00\",\"dateModified\":\"2022-09-11T20:53:31+00:00\",\"breadcrumb\":{\"@id\":\"https:\/\/www.traveltothemagic.net\/es\/nuevo-espectaculo-escenico-pixar-we-belong-together-anunciado-para-disneyland-paris\/#breadcrumb\"},\"inLanguage\":\"es\",\"potentialAction\":[{\"@type\":\"ReadAction\",\"target\":[\"https:\/\/www.traveltothemagic.net\/es\/nuevo-espectaculo-escenico-pixar-we-belong-together-anunciado-para-disneyland-paris\/\"]}]},{\"@type\":\"BreadcrumbList\",\"@id\":\"https:\/\/www.traveltothemagic.net\/es\/nuevo-espectaculo-escenico-pixar-we-belong-together-anunciado-para-disneyland-paris\/#breadcrumb\",\"itemListElement\":[{\"@type\":\"ListItem\",\"position\":1,\"name\":\"Home\",\"item\":\"https:\/\/www.traveltothemagic.net\/es\/frontpage\/\"},{\"@type\":\"ListItem\",\"position\":2,\"name\":\"Sin categorizar\",\"item\":\"https:\/\/www.traveltothemagic.net\/es\/.\/sin-categorizar\/\"},{\"@type\":\"ListItem\",\"position\":3,\"name\":\"Nuevo espect\u00e1culo esc\u00e9nico &#8220;Pixar: We Belong Together&#8221; anunciado para Disneyland Par\u00eds\"}]},{\"@type\":\"WebSite\",\"@id\":\"https:\/\/www.traveltothemagic.net\/es\/#website\",\"url\":\"https:\/\/www.traveltothemagic.net\/es\/\",\"name\":\"Travel to the Magic\",\"description\":\"Your resource for travel to Disney Parks and more\",\"publisher\":{\"@id\":\"https:\/\/www.traveltothemagic.net\/es\/#organization\"},\"potentialAction\":[{\"@type\":\"SearchAction\",\"target\":{\"@type\":\"EntryPoint\",\"urlTemplate\":\"https:\/\/www.traveltothemagic.net\/es\/?s={search_term_string}\"},\"query-input\":\"required name=search_term_string\"}],\"inLanguage\":\"es\"},{\"@type\":\"Organization\",\"@id\":\"https:\/\/www.traveltothemagic.net\/es\/#organization\",\"name\":\"Travel to the Magic\",\"url\":\"https:\/\/www.traveltothemagic.net\/es\/\",\"logo\":{\"@type\":\"ImageObject\",\"inLanguage\":\"es\",\"@id\":\"https:\/\/www.traveltothemagic.net\/es\/#\/schema\/logo\/image\/\",\"url\":\"https:\/\/www.traveltothemagic.net\/wp-content\/uploads\/2022\/05\/TTTM_Banner.png\",\"contentUrl\":\"https:\/\/www.traveltothemagic.net\/wp-content\/uploads\/2022\/05\/TTTM_Banner.png\",\"width\":2400,\"height\":587,\"caption\":\"Travel to the Magic\"},\"image\":{\"@id\":\"https:\/\/www.traveltothemagic.net\/es\/#\/schema\/logo\/image\/\"},\"sameAs\":[\"https:\/\/www.facebook.com\/travelttmagic\/\",\"https:\/\/twitter.com\/travelttmagic\",\"https:\/\/www.instagram.com\/travelttmagic\/\",\"https:\/\/www.youtube.com\/channel\/UCeE1x22RUo5og7XkiItPD5w\"]},{\"@type\":\"Person\",\"@id\":\"https:\/\/www.traveltothemagic.net\/es\/#\/schema\/person\/c85c693e7becead8be433a4f677c5094\",\"name\":\"Arvid Bux\",\"image\":{\"@type\":\"ImageObject\",\"inLanguage\":\"es\",\"@id\":\"https:\/\/www.traveltothemagic.net\/es\/#\/schema\/person\/image\/\",\"url\":\"https:\/\/secure.gravatar.com\/avatar\/588590ee1fa85298ecdeb1c730f746bf?s=96&d=mm&r=g\",\"contentUrl\":\"https:\/\/secure.gravatar.com\/avatar\/588590ee1fa85298ecdeb1c730f746bf?s=96&d=mm&r=g\",\"caption\":\"Arvid Bux\"},\"sameAs\":[\"https:\/\/twitter.com\/https:\/\/www.twitter.com\/arvid\"],\"url\":\"https:\/\/www.traveltothemagic.net\/es\/author\/arvidbux\/\"}]}<\/script>\n<!-- \/ Yoast SEO Premium plugin. -->","yoast_head_json":{"title":"Nuevo espect\u00e1culo esc\u00e9nico \"Pixar: We Belong Together\" anunciado para Disneyland Par\u00eds - Travel to the Magic","robots":{"index":"index","follow":"follow","max-snippet":"max-snippet:-1","max-image-preview":"max-image-preview:large","max-video-preview":"max-video-preview:-1"},"canonical":"https:\/\/www.traveltothemagic.net\/es\/nuevo-espectaculo-escenico-pixar-we-belong-together-anunciado-para-disneyland-paris\/","og_locale":"es_ES","og_type":"article","og_title":"Nuevo espect\u00e1culo esc\u00e9nico \"Pixar: We Belong Together\" anunciado para Disneyland Par\u00eds","og_description":"Durante la D23 Expo 2022, se anunci\u00f3 que un nuevo espect\u00e1culo esc\u00e9nico llegar\u00e1 al Studio Theater del Parque Walt Disney Studios en el verano de 2023.","og_url":"https:\/\/www.traveltothemagic.net\/es\/nuevo-espectaculo-escenico-pixar-we-belong-together-anunciado-para-disneyland-paris\/","og_site_name":"Travel to the Magic","article_publisher":"https:\/\/www.facebook.com\/travelttmagic\/","article_published_time":"2022-09-11T20:53:31+00:00","og_image":[{"width":1440,"height":795,"url":"https:\/\/www.traveltothemagic.net\/wp-content\/uploads\/2022\/09\/2022-09-11T13_50_37.8696920-07_00.jpg","type":"image\/jpeg"}],"author":"Arvid Bux","twitter_card":"summary_large_image","twitter_creator":"@https:\/\/www.twitter.com\/arvid","twitter_site":"@travelttmagic","twitter_misc":{"Escrito por":"Arvid Bux"},"schema":{"@context":"https:\/\/schema.org","@graph":[{"@type":"Article","@id":"https:\/\/www.traveltothemagic.net\/es\/nuevo-espectaculo-escenico-pixar-we-belong-together-anunciado-para-disneyland-paris\/#article","isPartOf":{"@id":"https:\/\/www.traveltothemagic.net\/es\/nuevo-espectaculo-escenico-pixar-we-belong-together-anunciado-para-disneyland-paris\/"},"author":{"name":"Arvid Bux","@id":"https:\/\/www.traveltothemagic.net\/es\/#\/schema\/person\/c85c693e7becead8be433a4f677c5094"},"headline":"Nuevo espect\u00e1culo esc\u00e9nico \u00abPixar: We Belong Together\u00bb anunciado para Disneyland Par\u00eds","datePublished":"2022-09-11T20:53:31+00:00","dateModified":"2022-09-11T20:53:31+00:00","mainEntityOfPage":{"@id":"https:\/\/www.traveltothemagic.net\/es\/nuevo-espectaculo-escenico-pixar-we-belong-together-anunciado-para-disneyland-paris\/"},"wordCount":90,"publisher":{"@id":"https:\/\/www.traveltothemagic.net\/es\/#organization"},"articleSection":["Uncategorized"],"inLanguage":"es"},{"@type":"WebPage","@id":"https:\/\/www.traveltothemagic.net\/es\/nuevo-espectaculo-escenico-pixar-we-belong-together-anunciado-para-disneyland-paris\/","url":"https:\/\/www.traveltothemagic.net\/es\/nuevo-espectaculo-escenico-pixar-we-belong-together-anunciado-para-disneyland-paris\/","name":"Nuevo espect\u00e1culo esc\u00e9nico \"Pixar: We Belong Together\" anunciado para Disneyland Par\u00eds - Travel to the Magic","isPartOf":{"@id":"https:\/\/www.traveltothemagic.net\/es\/#website"},"datePublished":"2022-09-11T20:53:31+00:00","dateModified":"2022-09-11T20:53:31+00:00","breadcrumb":{"@id":"https:\/\/www.traveltothemagic.net\/es\/nuevo-espectaculo-escenico-pixar-we-belong-together-anunciado-para-disneyland-paris\/#breadcrumb"},"inLanguage":"es","potentialAction":[{"@type":"ReadAction","target":["https:\/\/www.traveltothemagic.net\/es\/nuevo-espectaculo-escenico-pixar-we-belong-together-anunciado-para-disneyland-paris\/"]}]},{"@type":"BreadcrumbList","@id":"https:\/\/www.traveltothemagic.net\/es\/nuevo-espectaculo-escenico-pixar-we-belong-together-anunciado-para-disneyland-paris\/#breadcrumb","itemListElement":[{"@type":"ListItem","position":1,"name":"Home","item":"https:\/\/www.traveltothemagic.net\/es\/frontpage\/"},{"@type":"ListItem","position":2,"name":"Sin categorizar","item":"https:\/\/www.traveltothemagic.net\/es\/.\/sin-categorizar\/"},{"@type":"ListItem","position":3,"name":"Nuevo espect\u00e1culo esc\u00e9nico &#8220;Pixar: We Belong Together&#8221; anunciado para Disneyland Par\u00eds"}]},{"@type":"WebSite","@id":"https:\/\/www.traveltothemagic.net\/es\/#website","url":"https:\/\/www.traveltothemagic.net\/es\/","name":"Travel to the Magic","description":"Your resource for travel to Disney Parks and more","publisher":{"@id":"https:\/\/www.traveltothemagic.net\/es\/#organization"},"potentialAction":[{"@type":"SearchAction","target":{"@type":"EntryPoint","urlTemplate":"https:\/\/www.traveltothemagic.net\/es\/?s={search_term_string}"},"query-input":"required name=search_term_string"}],"inLanguage":"es"},{"@type":"Organization","@id":"https:\/\/www.traveltothemagic.net\/es\/#organization","name":"Travel to the Magic","url":"https:\/\/www.traveltothemagic.net\/es\/","logo":{"@type":"ImageObject","inLanguage":"es","@id":"https:\/\/www.traveltothemagic.net\/es\/#\/schema\/logo\/image\/","url":"https:\/\/www.traveltothemagic.net\/wp-content\/uploads\/2022\/05\/TTTM_Banner.png","contentUrl":"https:\/\/www.traveltothemagic.net\/wp-content\/uploads\/2022\/05\/TTTM_Banner.png","width":2400,"height":587,"caption":"Travel to the Magic"},"image":{"@id":"https:\/\/www.traveltothemagic.net\/es\/#\/schema\/logo\/image\/"},"sameAs":["https:\/\/www.facebook.com\/travelttmagic\/","https:\/\/twitter.com\/travelttmagic","https:\/\/www.instagram.com\/travelttmagic\/","https:\/\/www.youtube.com\/channel\/UCeE1x22RUo5og7XkiItPD5w"]},{"@type":"Person","@id":"https:\/\/www.traveltothemagic.net\/es\/#\/schema\/person\/c85c693e7becead8be433a4f677c5094","name":"Arvid Bux","image":{"@type":"ImageObject","inLanguage":"es","@id":"https:\/\/www.traveltothemagic.net\/es\/#\/schema\/person\/image\/","url":"https:\/\/secure.gravatar.com\/avatar\/588590ee1fa85298ecdeb1c730f746bf?s=96&d=mm&r=g","contentUrl":"https:\/\/secure.gravatar.com\/avatar\/588590ee1fa85298ecdeb1c730f746bf?s=96&d=mm&r=g","caption":"Arvid Bux"},"sameAs":["https:\/\/twitter.com\/https:\/\/www.twitter.com\/arvid"],"url":"https:\/\/www.traveltothemagic.net\/es\/author\/arvidbux\/"}]}},"modified_by":null,"_links":{"self":[{"href":"https:\/\/www.traveltothemagic.net\/es\/wp-json\/wp\/v2\/posts\/103537"}],"collection":[{"href":"https:\/\/www.traveltothemagic.net\/es\/wp-json\/wp\/v2\/posts"}],"about":[{"href":"https:\/\/www.traveltothemagic.net\/es\/wp-json\/wp\/v2\/types\/post"}],"author":[{"embeddable":true,"href":"https:\/\/www.traveltothemagic.net\/es\/wp-json\/wp\/v2\/users\/1"}],"replies":[{"embeddable":true,"href":"https:\/\/www.traveltothemagic.net\/es\/wp-json\/wp\/v2\/comments?post=103537"}],"version-history":[{"count":0,"href":"https:\/\/www.traveltothemagic.net\/es\/wp-json\/wp\/v2\/posts\/103537\/revisions"}],"wp:featuredmedia":[{"embeddable":true,"href":"https:\/\/www.traveltothemagic.net\/es\/wp-json\/wp\/v2\/media\/102503"}],"wp:attachment":[{"href":"https:\/\/www.traveltothemagic.net\/es\/wp-json\/wp\/v2\/media?parent=103537"}],"wp:term":[{"taxonomy":"category","embeddable":true,"href":"https:\/\/www.traveltothemagic.net\/es\/wp-json\/wp\/v2\/categories?post=103537"},{"taxonomy":"post_tag","embeddable":true,"href":"https:\/\/www.traveltothemagic.net\/es\/wp-json\/wp\/v2\/tags?post=103537"}],"curies":[{"name":"wp","href":"https:\/\/api.w.org\/{rel}","templated":true}]}}