{"id":99221,"date":"2022-06-28T12:32:31","date_gmt":"2022-06-28T10:32:31","guid":{"rendered":"https:\/\/www.traveltothemagic.net\/finding-nemo-submarine-voyage-wird-am-25-juli-wiedereroeffnet-wir-werfen-einen-blick-in-die-lagune\/"},"modified":"2022-06-28T12:32:31","modified_gmt":"2022-06-28T10:32:31","slug":"finding-nemo-submarine-voyage-wird-am-25-juli-wiedereroeffnet-wir-werfen-einen-blick-in-die-lagune","status":"publish","type":"post","link":"https:\/\/www.traveltothemagic.net\/de\/finding-nemo-submarine-voyage-wird-am-25-juli-wiedereroeffnet-wir-werfen-einen-blick-in-die-lagune\/","title":{"rendered":"Finding Nemo Submarine Voyage wird am 25. Juli wiederer\u00f6ffnet &#8211; wir werfen einen Blick in die Lagune"},"content":{"rendered":"<p>Finding Nemo Submarine Voyage wird am 25. Juli im Disneyland wiederer\u00f6ffnet. Um uns einen Einblick in die Arbeit zu geben, hat das Resort einen Blick hinter die Kulissen der Teams gew\u00e4hrt. Wir werfen einen Blick auf die Erweiterungen der Koppel, den neuen Anstrich und den Neuzugang Hank!<\/p>\n<p>Aus den <a href=\"https:\/\/disneyparks.disney.go.com\/blog\/2022\/06\/take-a-look-inside-the-lagoon-of-finding-nemo-submarine-voyage-reopening-on-july-25-at-disneyland-park\/\">Disney Parks Blogs<\/a>: Hast du dich jemals gefragt, wie es w\u00e4re, in die Lagune von Finding Nemo Submarine Voyage zu steigen? W\u00e4hrend diese beliebte familienfreundliche Attraktion f\u00fcr eine wohlverdiente Renovierung geschlossen wurde, haben wir einen Blick hinter die Kulissen geworfen und erfahren, was die Teams von Walt Disney Imagineering, Disneyland Resort und den Pixar Animation Studios so alles gemacht haben.<\/p>\n<p><img decoding=\"async\" class=\"alignnone size-full wp-image-99098\" src=\"https:\/\/www.traveltothemagic.net\/wp-content\/uploads\/2022\/06\/Disneyland-Finding-Nemo-Look-inside-the-Lagoon-2.jpg\" alt=\"\" width=\"4032\" height=\"3024\" srcset=\"https:\/\/www.traveltothemagic.net\/wp-content\/uploads\/2022\/06\/Disneyland-Finding-Nemo-Look-inside-the-Lagoon-2.jpg 4032w, https:\/\/www.traveltothemagic.net\/wp-content\/uploads\/2022\/06\/Disneyland-Finding-Nemo-Look-inside-the-Lagoon-2-300x225.jpg 300w, https:\/\/www.traveltothemagic.net\/wp-content\/uploads\/2022\/06\/Disneyland-Finding-Nemo-Look-inside-the-Lagoon-2-768x576.jpg 768w, https:\/\/www.traveltothemagic.net\/wp-content\/uploads\/2022\/06\/Disneyland-Finding-Nemo-Look-inside-the-Lagoon-2-1536x1152.jpg 1536w, https:\/\/www.traveltothemagic.net\/wp-content\/uploads\/2022\/06\/Disneyland-Finding-Nemo-Look-inside-the-Lagoon-2-2048x1536.jpg 2048w\" sizes=\"(max-width: 4032px) 100vw, 4032px\" \/><\/p>\n<p>Dazu geh\u00f6rt die Auffrischung der Attraktion mit mehr Korallen, neuer Farbe, frischem Seetang und Algen sowie verbesserten Spezialeffekten und Beleuchtung. Und wenn die Attraktion f\u00fcr unsere G\u00e4ste zur\u00fcckkehrt, k\u00f6nnen sie einem neuen Freund aus Pixars &#8222;Findet Dorie&#8220; zuwinken: Hank, dem Lieblingsseptopus!<\/p>\n<p><img decoding=\"async\" class=\"alignnone size-full wp-image-99103\" src=\"https:\/\/www.traveltothemagic.net\/wp-content\/uploads\/2022\/06\/Disneyland-Finding-Nemo-Look-inside-the-Lagoon-3.jpg\" alt=\"\" width=\"4616\" height=\"2599\" srcset=\"https:\/\/www.traveltothemagic.net\/wp-content\/uploads\/2022\/06\/Disneyland-Finding-Nemo-Look-inside-the-Lagoon-3.jpg 4616w, https:\/\/www.traveltothemagic.net\/wp-content\/uploads\/2022\/06\/Disneyland-Finding-Nemo-Look-inside-the-Lagoon-3-300x169.jpg 300w, https:\/\/www.traveltothemagic.net\/wp-content\/uploads\/2022\/06\/Disneyland-Finding-Nemo-Look-inside-the-Lagoon-3-768x432.jpg 768w, https:\/\/www.traveltothemagic.net\/wp-content\/uploads\/2022\/06\/Disneyland-Finding-Nemo-Look-inside-the-Lagoon-3-1536x865.jpg 1536w, https:\/\/www.traveltothemagic.net\/wp-content\/uploads\/2022\/06\/Disneyland-Finding-Nemo-Look-inside-the-Lagoon-3-2048x1153.jpg 2048w\" sizes=\"(max-width: 4616px) 100vw, 4616px\" \/><\/p>\n<p>Erfahre in diesem Video mehr \u00fcber die Arbeit an der Imagineers und besuche Nemo und seine Freunde ab dem 25. Juli wieder.<\/p>\n<p><iframe title=\"Look Inside The Lagoon of Finding Nemo Submarine Voyage | Disneyland Park\" width=\"1200\" height=\"675\" src=\"https:\/\/www.youtube.com\/embed\/-dyRmPbb0WQ?feature=oembed\" frameborder=\"0\" allow=\"accelerometer; autoplay; clipboard-write; encrypted-media; gyroscope; picture-in-picture\" allowfullscreen><\/iframe><\/p>\n","protected":false},"excerpt":{"rendered":"<p>Finding Nemo Submarine Voyage wird am 25. Juli im Disneyland wiederer\u00f6ffnet. Um uns einen Einblick in die Arbeit zu geben, hat das Resort einen Blick hinter die Kulissen der Teams gew\u00e4hrt. Wir werfen einen Blick auf die Erweiterungen der Koppel, den neuen Anstrich und den Neuzugang Hank! Aus den Disney Parks Blogs: Hast du dich &#8230; <a title=\"Finding Nemo Submarine Voyage wird am 25. Juli wiederer\u00f6ffnet &#8211; wir werfen einen Blick in die Lagune\" class=\"read-more\" href=\"https:\/\/www.traveltothemagic.net\/de\/finding-nemo-submarine-voyage-wird-am-25-juli-wiedereroeffnet-wir-werfen-einen-blick-in-die-lagune\/\" aria-label=\"Read more about Finding Nemo Submarine Voyage wird am 25. Juli wiederer\u00f6ffnet &#8211; wir werfen einen Blick in die Lagune\">Read more<\/a><\/p>\n","protected":false},"author":1,"featured_media":99093,"comment_status":"closed","ping_status":"closed","sticky":false,"template":"","format":"standard","meta":{"_lmt_disableupdate":"","_lmt_disable":"","footnotes":""},"categories":[1],"tags":[564,8845],"yoast_head":"<!-- This site is optimized with the Yoast SEO Premium plugin v20.11 (Yoast SEO v21.3) - https:\/\/yoast.com\/wordpress\/plugins\/seo\/ -->\n<title>Finding Nemo Submarine Voyage wird am 25. Juli wiederer\u00f6ffnet - wir werfen einen Blick in die Lagune - Travel to the Magic<\/title>\n<meta name=\"robots\" content=\"index, follow, max-snippet:-1, max-image-preview:large, max-video-preview:-1\" \/>\n<link rel=\"canonical\" href=\"https:\/\/www.traveltothemagic.net\/de\/finding-nemo-submarine-voyage-wird-am-25-juli-wiedereroeffnet-wir-werfen-einen-blick-in-die-lagune\/\" \/>\n<meta property=\"og:locale\" content=\"de_DE\" \/>\n<meta property=\"og:type\" content=\"article\" \/>\n<meta property=\"og:title\" content=\"Finding Nemo Submarine Voyage wird am 25. Juli wiederer\u00f6ffnet - wir werfen einen Blick in die Lagune\" \/>\n<meta property=\"og:description\" content=\"Finding Nemo Submarine Voyage wird am 25. Juli im Disneyland wiederer\u00f6ffnet. Um uns einen Einblick in die Arbeit zu geben, hat das Resort einen Blick\" \/>\n<meta property=\"og:url\" content=\"https:\/\/www.traveltothemagic.net\/de\/finding-nemo-submarine-voyage-wird-am-25-juli-wiedereroeffnet-wir-werfen-einen-blick-in-die-lagune\/\" \/>\n<meta property=\"og:site_name\" content=\"Travel to the Magic\" \/>\n<meta property=\"article:publisher\" content=\"https:\/\/www.facebook.com\/travelttmagic\/\" \/>\n<meta property=\"article:published_time\" content=\"2022-06-28T10:32:31+00:00\" \/>\n<meta property=\"og:image\" content=\"https:\/\/www.traveltothemagic.net\/wp-content\/uploads\/2022\/06\/Disneyland-Finding-Nemo-Look-inside-the-Lagoon-1.jpg\" \/>\n\t<meta property=\"og:image:width\" content=\"4616\" \/>\n\t<meta property=\"og:image:height\" content=\"2599\" \/>\n\t<meta property=\"og:image:type\" content=\"image\/jpeg\" \/>\n<meta name=\"author\" content=\"Arvid Bux\" \/>\n<meta name=\"twitter:card\" content=\"summary_large_image\" \/>\n<meta name=\"twitter:creator\" content=\"@https:\/\/www.twitter.com\/arvid\" \/>\n<meta name=\"twitter:site\" content=\"@travelttmagic\" \/>\n<meta name=\"twitter:label1\" content=\"Verfasst von\" \/>\n\t<meta name=\"twitter:data1\" content=\"Arvid Bux\" \/>\n\t<meta name=\"twitter:label2\" content=\"Gesch\u00e4tzte Lesezeit\" \/>\n\t<meta name=\"twitter:data2\" content=\"1 Minute\" \/>\n<script type=\"application\/ld+json\" class=\"yoast-schema-graph\">{\"@context\":\"https:\/\/schema.org\",\"@graph\":[{\"@type\":\"Article\",\"@id\":\"https:\/\/www.traveltothemagic.net\/de\/finding-nemo-submarine-voyage-wird-am-25-juli-wiedereroeffnet-wir-werfen-einen-blick-in-die-lagune\/#article\",\"isPartOf\":{\"@id\":\"https:\/\/www.traveltothemagic.net\/de\/finding-nemo-submarine-voyage-wird-am-25-juli-wiedereroeffnet-wir-werfen-einen-blick-in-die-lagune\/\"},\"author\":{\"name\":\"Arvid Bux\",\"@id\":\"https:\/\/www.traveltothemagic.net\/de\/#\/schema\/person\/c85c693e7becead8be433a4f677c5094\"},\"headline\":\"Finding Nemo Submarine Voyage wird am 25. Juli wiederer\u00f6ffnet &#8211; wir werfen einen Blick in die Lagune\",\"datePublished\":\"2022-06-28T10:32:31+00:00\",\"dateModified\":\"2022-06-28T10:32:31+00:00\",\"mainEntityOfPage\":{\"@id\":\"https:\/\/www.traveltothemagic.net\/de\/finding-nemo-submarine-voyage-wird-am-25-juli-wiedereroeffnet-wir-werfen-einen-blick-in-die-lagune\/\"},\"wordCount\":205,\"publisher\":{\"@id\":\"https:\/\/www.traveltothemagic.net\/de\/#organization\"},\"keywords\":[\"Finding Nemo\",\"Lagoon\"],\"articleSection\":[\"Uncategorized\"],\"inLanguage\":\"de-DE\"},{\"@type\":\"WebPage\",\"@id\":\"https:\/\/www.traveltothemagic.net\/de\/finding-nemo-submarine-voyage-wird-am-25-juli-wiedereroeffnet-wir-werfen-einen-blick-in-die-lagune\/\",\"url\":\"https:\/\/www.traveltothemagic.net\/de\/finding-nemo-submarine-voyage-wird-am-25-juli-wiedereroeffnet-wir-werfen-einen-blick-in-die-lagune\/\",\"name\":\"Finding Nemo Submarine Voyage wird am 25. Juli wiederer\u00f6ffnet - wir werfen einen Blick in die Lagune - Travel to the Magic\",\"isPartOf\":{\"@id\":\"https:\/\/www.traveltothemagic.net\/de\/#website\"},\"datePublished\":\"2022-06-28T10:32:31+00:00\",\"dateModified\":\"2022-06-28T10:32:31+00:00\",\"breadcrumb\":{\"@id\":\"https:\/\/www.traveltothemagic.net\/de\/finding-nemo-submarine-voyage-wird-am-25-juli-wiedereroeffnet-wir-werfen-einen-blick-in-die-lagune\/#breadcrumb\"},\"inLanguage\":\"de-DE\",\"potentialAction\":[{\"@type\":\"ReadAction\",\"target\":[\"https:\/\/www.traveltothemagic.net\/de\/finding-nemo-submarine-voyage-wird-am-25-juli-wiedereroeffnet-wir-werfen-einen-blick-in-die-lagune\/\"]}]},{\"@type\":\"BreadcrumbList\",\"@id\":\"https:\/\/www.traveltothemagic.net\/de\/finding-nemo-submarine-voyage-wird-am-25-juli-wiedereroeffnet-wir-werfen-einen-blick-in-die-lagune\/#breadcrumb\",\"itemListElement\":[{\"@type\":\"ListItem\",\"position\":1,\"name\":\"Home\",\"item\":\"https:\/\/www.traveltothemagic.net\/de\/titelseite\/\"},{\"@type\":\"ListItem\",\"position\":2,\"name\":\"Unkategorisiert\",\"item\":\"https:\/\/www.traveltothemagic.net\/de\/.\/unkategorisiert\/\"},{\"@type\":\"ListItem\",\"position\":3,\"name\":\"Finding Nemo Submarine Voyage wird am 25. Juli wiederer\u00f6ffnet &#8211; wir werfen einen Blick in die Lagune\"}]},{\"@type\":\"WebSite\",\"@id\":\"https:\/\/www.traveltothemagic.net\/de\/#website\",\"url\":\"https:\/\/www.traveltothemagic.net\/de\/\",\"name\":\"Travel to the Magic\",\"description\":\"Your resource for travel to Disney Parks and more\",\"publisher\":{\"@id\":\"https:\/\/www.traveltothemagic.net\/de\/#organization\"},\"potentialAction\":[{\"@type\":\"SearchAction\",\"target\":{\"@type\":\"EntryPoint\",\"urlTemplate\":\"https:\/\/www.traveltothemagic.net\/de\/?s={search_term_string}\"},\"query-input\":\"required name=search_term_string\"}],\"inLanguage\":\"de-DE\"},{\"@type\":\"Organization\",\"@id\":\"https:\/\/www.traveltothemagic.net\/de\/#organization\",\"name\":\"Travel to the Magic\",\"url\":\"https:\/\/www.traveltothemagic.net\/de\/\",\"logo\":{\"@type\":\"ImageObject\",\"inLanguage\":\"de-DE\",\"@id\":\"https:\/\/www.traveltothemagic.net\/de\/#\/schema\/logo\/image\/\",\"url\":\"https:\/\/www.traveltothemagic.net\/wp-content\/uploads\/2022\/05\/TTTM_Banner.png\",\"contentUrl\":\"https:\/\/www.traveltothemagic.net\/wp-content\/uploads\/2022\/05\/TTTM_Banner.png\",\"width\":2400,\"height\":587,\"caption\":\"Travel to the Magic\"},\"image\":{\"@id\":\"https:\/\/www.traveltothemagic.net\/de\/#\/schema\/logo\/image\/\"},\"sameAs\":[\"https:\/\/www.facebook.com\/travelttmagic\/\",\"https:\/\/twitter.com\/travelttmagic\",\"https:\/\/www.instagram.com\/travelttmagic\/\",\"https:\/\/www.youtube.com\/channel\/UCeE1x22RUo5og7XkiItPD5w\"]},{\"@type\":\"Person\",\"@id\":\"https:\/\/www.traveltothemagic.net\/de\/#\/schema\/person\/c85c693e7becead8be433a4f677c5094\",\"name\":\"Arvid Bux\",\"image\":{\"@type\":\"ImageObject\",\"inLanguage\":\"de-DE\",\"@id\":\"https:\/\/www.traveltothemagic.net\/de\/#\/schema\/person\/image\/\",\"url\":\"https:\/\/secure.gravatar.com\/avatar\/588590ee1fa85298ecdeb1c730f746bf?s=96&d=mm&r=g\",\"contentUrl\":\"https:\/\/secure.gravatar.com\/avatar\/588590ee1fa85298ecdeb1c730f746bf?s=96&d=mm&r=g\",\"caption\":\"Arvid Bux\"},\"sameAs\":[\"https:\/\/twitter.com\/https:\/\/www.twitter.com\/arvid\"],\"url\":\"https:\/\/www.traveltothemagic.net\/de\/author\/arvidbux\/\"}]}<\/script>\n<!-- \/ Yoast SEO Premium plugin. -->","yoast_head_json":{"title":"Finding Nemo Submarine Voyage wird am 25. Juli wiederer\u00f6ffnet - wir werfen einen Blick in die Lagune - Travel to the Magic","robots":{"index":"index","follow":"follow","max-snippet":"max-snippet:-1","max-image-preview":"max-image-preview:large","max-video-preview":"max-video-preview:-1"},"canonical":"https:\/\/www.traveltothemagic.net\/de\/finding-nemo-submarine-voyage-wird-am-25-juli-wiedereroeffnet-wir-werfen-einen-blick-in-die-lagune\/","og_locale":"de_DE","og_type":"article","og_title":"Finding Nemo Submarine Voyage wird am 25. Juli wiederer\u00f6ffnet - wir werfen einen Blick in die Lagune","og_description":"Finding Nemo Submarine Voyage wird am 25. Juli im Disneyland wiederer\u00f6ffnet. Um uns einen Einblick in die Arbeit zu geben, hat das Resort einen Blick","og_url":"https:\/\/www.traveltothemagic.net\/de\/finding-nemo-submarine-voyage-wird-am-25-juli-wiedereroeffnet-wir-werfen-einen-blick-in-die-lagune\/","og_site_name":"Travel to the Magic","article_publisher":"https:\/\/www.facebook.com\/travelttmagic\/","article_published_time":"2022-06-28T10:32:31+00:00","og_image":[{"width":4616,"height":2599,"url":"https:\/\/www.traveltothemagic.net\/wp-content\/uploads\/2022\/06\/Disneyland-Finding-Nemo-Look-inside-the-Lagoon-1.jpg","type":"image\/jpeg"}],"author":"Arvid Bux","twitter_card":"summary_large_image","twitter_creator":"@https:\/\/www.twitter.com\/arvid","twitter_site":"@travelttmagic","twitter_misc":{"Verfasst von":"Arvid Bux","Gesch\u00e4tzte Lesezeit":"1 Minute"},"schema":{"@context":"https:\/\/schema.org","@graph":[{"@type":"Article","@id":"https:\/\/www.traveltothemagic.net\/de\/finding-nemo-submarine-voyage-wird-am-25-juli-wiedereroeffnet-wir-werfen-einen-blick-in-die-lagune\/#article","isPartOf":{"@id":"https:\/\/www.traveltothemagic.net\/de\/finding-nemo-submarine-voyage-wird-am-25-juli-wiedereroeffnet-wir-werfen-einen-blick-in-die-lagune\/"},"author":{"name":"Arvid Bux","@id":"https:\/\/www.traveltothemagic.net\/de\/#\/schema\/person\/c85c693e7becead8be433a4f677c5094"},"headline":"Finding Nemo Submarine Voyage wird am 25. Juli wiederer\u00f6ffnet &#8211; wir werfen einen Blick in die Lagune","datePublished":"2022-06-28T10:32:31+00:00","dateModified":"2022-06-28T10:32:31+00:00","mainEntityOfPage":{"@id":"https:\/\/www.traveltothemagic.net\/de\/finding-nemo-submarine-voyage-wird-am-25-juli-wiedereroeffnet-wir-werfen-einen-blick-in-die-lagune\/"},"wordCount":205,"publisher":{"@id":"https:\/\/www.traveltothemagic.net\/de\/#organization"},"keywords":["Finding Nemo","Lagoon"],"articleSection":["Uncategorized"],"inLanguage":"de-DE"},{"@type":"WebPage","@id":"https:\/\/www.traveltothemagic.net\/de\/finding-nemo-submarine-voyage-wird-am-25-juli-wiedereroeffnet-wir-werfen-einen-blick-in-die-lagune\/","url":"https:\/\/www.traveltothemagic.net\/de\/finding-nemo-submarine-voyage-wird-am-25-juli-wiedereroeffnet-wir-werfen-einen-blick-in-die-lagune\/","name":"Finding Nemo Submarine Voyage wird am 25. Juli wiederer\u00f6ffnet - wir werfen einen Blick in die Lagune - Travel to the Magic","isPartOf":{"@id":"https:\/\/www.traveltothemagic.net\/de\/#website"},"datePublished":"2022-06-28T10:32:31+00:00","dateModified":"2022-06-28T10:32:31+00:00","breadcrumb":{"@id":"https:\/\/www.traveltothemagic.net\/de\/finding-nemo-submarine-voyage-wird-am-25-juli-wiedereroeffnet-wir-werfen-einen-blick-in-die-lagune\/#breadcrumb"},"inLanguage":"de-DE","potentialAction":[{"@type":"ReadAction","target":["https:\/\/www.traveltothemagic.net\/de\/finding-nemo-submarine-voyage-wird-am-25-juli-wiedereroeffnet-wir-werfen-einen-blick-in-die-lagune\/"]}]},{"@type":"BreadcrumbList","@id":"https:\/\/www.traveltothemagic.net\/de\/finding-nemo-submarine-voyage-wird-am-25-juli-wiedereroeffnet-wir-werfen-einen-blick-in-die-lagune\/#breadcrumb","itemListElement":[{"@type":"ListItem","position":1,"name":"Home","item":"https:\/\/www.traveltothemagic.net\/de\/titelseite\/"},{"@type":"ListItem","position":2,"name":"Unkategorisiert","item":"https:\/\/www.traveltothemagic.net\/de\/.\/unkategorisiert\/"},{"@type":"ListItem","position":3,"name":"Finding Nemo Submarine Voyage wird am 25. Juli wiederer\u00f6ffnet &#8211; wir werfen einen Blick in die Lagune"}]},{"@type":"WebSite","@id":"https:\/\/www.traveltothemagic.net\/de\/#website","url":"https:\/\/www.traveltothemagic.net\/de\/","name":"Travel to the Magic","description":"Your resource for travel to Disney Parks and more","publisher":{"@id":"https:\/\/www.traveltothemagic.net\/de\/#organization"},"potentialAction":[{"@type":"SearchAction","target":{"@type":"EntryPoint","urlTemplate":"https:\/\/www.traveltothemagic.net\/de\/?s={search_term_string}"},"query-input":"required name=search_term_string"}],"inLanguage":"de-DE"},{"@type":"Organization","@id":"https:\/\/www.traveltothemagic.net\/de\/#organization","name":"Travel to the Magic","url":"https:\/\/www.traveltothemagic.net\/de\/","logo":{"@type":"ImageObject","inLanguage":"de-DE","@id":"https:\/\/www.traveltothemagic.net\/de\/#\/schema\/logo\/image\/","url":"https:\/\/www.traveltothemagic.net\/wp-content\/uploads\/2022\/05\/TTTM_Banner.png","contentUrl":"https:\/\/www.traveltothemagic.net\/wp-content\/uploads\/2022\/05\/TTTM_Banner.png","width":2400,"height":587,"caption":"Travel to the Magic"},"image":{"@id":"https:\/\/www.traveltothemagic.net\/de\/#\/schema\/logo\/image\/"},"sameAs":["https:\/\/www.facebook.com\/travelttmagic\/","https:\/\/twitter.com\/travelttmagic","https:\/\/www.instagram.com\/travelttmagic\/","https:\/\/www.youtube.com\/channel\/UCeE1x22RUo5og7XkiItPD5w"]},{"@type":"Person","@id":"https:\/\/www.traveltothemagic.net\/de\/#\/schema\/person\/c85c693e7becead8be433a4f677c5094","name":"Arvid Bux","image":{"@type":"ImageObject","inLanguage":"de-DE","@id":"https:\/\/www.traveltothemagic.net\/de\/#\/schema\/person\/image\/","url":"https:\/\/secure.gravatar.com\/avatar\/588590ee1fa85298ecdeb1c730f746bf?s=96&d=mm&r=g","contentUrl":"https:\/\/secure.gravatar.com\/avatar\/588590ee1fa85298ecdeb1c730f746bf?s=96&d=mm&r=g","caption":"Arvid Bux"},"sameAs":["https:\/\/twitter.com\/https:\/\/www.twitter.com\/arvid"],"url":"https:\/\/www.traveltothemagic.net\/de\/author\/arvidbux\/"}]}},"modified_by":null,"_links":{"self":[{"href":"https:\/\/www.traveltothemagic.net\/de\/wp-json\/wp\/v2\/posts\/99221"}],"collection":[{"href":"https:\/\/www.traveltothemagic.net\/de\/wp-json\/wp\/v2\/posts"}],"about":[{"href":"https:\/\/www.traveltothemagic.net\/de\/wp-json\/wp\/v2\/types\/post"}],"author":[{"embeddable":true,"href":"https:\/\/www.traveltothemagic.net\/de\/wp-json\/wp\/v2\/users\/1"}],"replies":[{"embeddable":true,"href":"https:\/\/www.traveltothemagic.net\/de\/wp-json\/wp\/v2\/comments?post=99221"}],"version-history":[{"count":0,"href":"https:\/\/www.traveltothemagic.net\/de\/wp-json\/wp\/v2\/posts\/99221\/revisions"}],"wp:featuredmedia":[{"embeddable":true,"href":"https:\/\/www.traveltothemagic.net\/de\/wp-json\/wp\/v2\/media\/99093"}],"wp:attachment":[{"href":"https:\/\/www.traveltothemagic.net\/de\/wp-json\/wp\/v2\/media?parent=99221"}],"wp:term":[{"taxonomy":"category","embeddable":true,"href":"https:\/\/www.traveltothemagic.net\/de\/wp-json\/wp\/v2\/categories?post=99221"},{"taxonomy":"post_tag","embeddable":true,"href":"https:\/\/www.traveltothemagic.net\/de\/wp-json\/wp\/v2\/tags?post=99221"}],"curies":[{"name":"wp","href":"https:\/\/api.w.org\/{rel}","templated":true}]}}