{"id":47730,"date":"2022-02-22T13:06:00","date_gmt":"2022-02-22T12:06:00","guid":{"rendered":"https:\/\/www.traveltothemagic.net\/disneyland-paris-pride-2022-programm-angekuendigt\/"},"modified":"2022-05-02T18:13:30","modified_gmt":"2022-05-02T16:13:30","slug":"disneyland-paris-pride-2022-programm-angekuendigt","status":"publish","type":"post","link":"https:\/\/www.traveltothemagic.net\/de\/disneyland-paris-pride-2022-programm-angekuendigt\/","title":{"rendered":"Disneyland Paris Pride 2022: Programm angek\u00fcndigt"},"content":{"rendered":"<p>Das Programm f\u00fcr den <a href=\"https:\/\/www.traveltothemagic.net\/event\/disneyland-paris-pride-2022\/\">Disneyland Paris Pride 2022<\/a> wurde bekannt gegeben. Die G\u00e4ste der Party k\u00f6nnen die Musik von Mika, Bilal Hassani und Becky Hill genie\u00dfen. Weitere Informationen zu dieser Veranstaltung finden Sie auf der speziellen Veranstaltungsseite <a href=\"https:\/\/www.traveltothemagic.net\/event\/disneyland-paris-pride-2022\/\">Disneyland Paris Pride 2022<\/a>.<\/p>\n<p><img decoding=\"async\" class=\"alignnone size-full wp-image-47694\" src=\"https:\/\/www.traveltothemagic.net\/wp-content\/uploads\/2021\/03\/Disneyland-Paris-Pride-2022-Lineup.png\" alt=\"\" width=\"1080\" height=\"1080\" srcset=\"https:\/\/www.traveltothemagic.net\/wp-content\/uploads\/2021\/03\/Disneyland-Paris-Pride-2022-Lineup.png 1080w, https:\/\/www.traveltothemagic.net\/wp-content\/uploads\/2021\/03\/Disneyland-Paris-Pride-2022-Lineup-300x300.png 300w, https:\/\/www.traveltothemagic.net\/wp-content\/uploads\/2021\/03\/Disneyland-Paris-Pride-2022-Lineup-150x150.png 150w, https:\/\/www.traveltothemagic.net\/wp-content\/uploads\/2021\/03\/Disneyland-Paris-Pride-2022-Lineup-768x768.png 768w\" sizes=\"(max-width: 1080px) 100vw, 1080px\" \/><\/p>\n<h2>Sehen Sie sich das Ank\u00fcndigungsvideo des Disneyland Paris Pride 2022 an<\/h2>\n<p><iframe title=\"Disneyland Paris Pride is back with Mika, Bilal Hassani et Becky Hill!\" width=\"1200\" height=\"675\" src=\"https:\/\/www.youtube.com\/embed\/k9G9EBF4EfQ?feature=oembed\" frameborder=\"0\" allow=\"accelerometer; autoplay; clipboard-write; encrypted-media; gyroscope; picture-in-picture\" allowfullscreen><\/iframe><\/p>\n","protected":false},"excerpt":{"rendered":"<p>Das Programm f\u00fcr den Disneyland Paris Pride 2022 wurde bekannt gegeben. Die G\u00e4ste der Party k\u00f6nnen die Musik von Mika, Bilal Hassani und Becky Hill genie\u00dfen. Weitere Informationen zu dieser Veranstaltung finden Sie auf der speziellen Veranstaltungsseite Disneyland Paris Pride 2022. Sehen Sie sich das Ank\u00fcndigungsvideo des Disneyland Paris Pride 2022 an<\/p>\n","protected":false},"author":1,"featured_media":47700,"comment_status":"closed","ping_status":"closed","sticky":false,"template":"","format":"standard","meta":{"_lmt_disableupdate":"","_lmt_disable":"","footnotes":""},"categories":[1],"tags":[],"yoast_head":"<!-- This site is optimized with the Yoast SEO Premium plugin v20.11 (Yoast SEO v21.3) - https:\/\/yoast.com\/wordpress\/plugins\/seo\/ -->\n<title>Disneyland Paris Pride 2022: Programm angek\u00fcndigt - Travel to the Magic<\/title>\n<meta name=\"description\" content=\"Das Programm f\u00fcr den Disneyland Paris Pride 2022 wurde bekannt gegeben.\" \/>\n<meta name=\"robots\" content=\"index, follow, max-snippet:-1, max-image-preview:large, max-video-preview:-1\" \/>\n<link rel=\"canonical\" href=\"https:\/\/www.traveltothemagic.net\/de\/disneyland-paris-pride-2022-programm-angekuendigt\/\" \/>\n<meta property=\"og:locale\" content=\"de_DE\" \/>\n<meta property=\"og:type\" content=\"article\" \/>\n<meta property=\"og:title\" content=\"Disneyland Paris Pride 2022: Programm angek\u00fcndigt\" \/>\n<meta property=\"og:description\" content=\"Das Programm f\u00fcr den Disneyland Paris Pride 2022 wurde bekannt gegeben. Die G\u00e4ste der Party k\u00f6nnen die Musik von Mika, Bilal Hassani und Becky Hill\" \/>\n<meta property=\"og:url\" content=\"https:\/\/www.traveltothemagic.net\/de\/disneyland-paris-pride-2022-programm-angekuendigt\/\" \/>\n<meta property=\"og:site_name\" content=\"Travel to the Magic\" \/>\n<meta property=\"article:publisher\" content=\"https:\/\/www.facebook.com\/travelttmagic\/\" \/>\n<meta property=\"article:published_time\" content=\"2022-02-22T12:06:00+00:00\" \/>\n<meta property=\"article:modified_time\" content=\"2022-05-02T16:13:30+00:00\" \/>\n<meta property=\"og:image\" content=\"https:\/\/www.traveltothemagic.net\/wp-content\/uploads\/2021\/03\/Disneyland-Paris-Pride-2022-Lineup-Logo.jpg\" \/>\n\t<meta property=\"og:image:width\" content=\"1920\" \/>\n\t<meta property=\"og:image:height\" content=\"1219\" \/>\n\t<meta property=\"og:image:type\" content=\"image\/jpeg\" \/>\n<meta name=\"author\" content=\"Arvid Bux\" \/>\n<meta name=\"twitter:card\" content=\"summary_large_image\" \/>\n<meta name=\"twitter:creator\" content=\"@https:\/\/www.twitter.com\/arvid\" \/>\n<meta name=\"twitter:site\" content=\"@travelttmagic\" \/>\n<meta name=\"twitter:label1\" content=\"Verfasst von\" \/>\n\t<meta name=\"twitter:data1\" content=\"Arvid Bux\" \/>\n<script type=\"application\/ld+json\" class=\"yoast-schema-graph\">{\"@context\":\"https:\/\/schema.org\",\"@graph\":[{\"@type\":\"Article\",\"@id\":\"https:\/\/www.traveltothemagic.net\/de\/disneyland-paris-pride-2022-programm-angekuendigt\/#article\",\"isPartOf\":{\"@id\":\"https:\/\/www.traveltothemagic.net\/de\/disneyland-paris-pride-2022-programm-angekuendigt\/\"},\"author\":{\"name\":\"Arvid Bux\",\"@id\":\"https:\/\/www.traveltothemagic.net\/de\/#\/schema\/person\/c85c693e7becead8be433a4f677c5094\"},\"headline\":\"Disneyland Paris Pride 2022: Programm angek\u00fcndigt\",\"datePublished\":\"2022-02-22T12:06:00+00:00\",\"dateModified\":\"2022-05-02T16:13:30+00:00\",\"mainEntityOfPage\":{\"@id\":\"https:\/\/www.traveltothemagic.net\/de\/disneyland-paris-pride-2022-programm-angekuendigt\/\"},\"wordCount\":67,\"publisher\":{\"@id\":\"https:\/\/www.traveltothemagic.net\/de\/#organization\"},\"articleSection\":[\"Uncategorized\"],\"inLanguage\":\"de-DE\"},{\"@type\":\"WebPage\",\"@id\":\"https:\/\/www.traveltothemagic.net\/de\/disneyland-paris-pride-2022-programm-angekuendigt\/\",\"url\":\"https:\/\/www.traveltothemagic.net\/de\/disneyland-paris-pride-2022-programm-angekuendigt\/\",\"name\":\"Disneyland Paris Pride 2022: Programm angek\u00fcndigt - Travel to the Magic\",\"isPartOf\":{\"@id\":\"https:\/\/www.traveltothemagic.net\/de\/#website\"},\"datePublished\":\"2022-02-22T12:06:00+00:00\",\"dateModified\":\"2022-05-02T16:13:30+00:00\",\"description\":\"Das Programm f\u00fcr den Disneyland Paris Pride 2022 wurde bekannt gegeben.\",\"breadcrumb\":{\"@id\":\"https:\/\/www.traveltothemagic.net\/de\/disneyland-paris-pride-2022-programm-angekuendigt\/#breadcrumb\"},\"inLanguage\":\"de-DE\",\"potentialAction\":[{\"@type\":\"ReadAction\",\"target\":[\"https:\/\/www.traveltothemagic.net\/de\/disneyland-paris-pride-2022-programm-angekuendigt\/\"]}]},{\"@type\":\"BreadcrumbList\",\"@id\":\"https:\/\/www.traveltothemagic.net\/de\/disneyland-paris-pride-2022-programm-angekuendigt\/#breadcrumb\",\"itemListElement\":[{\"@type\":\"ListItem\",\"position\":1,\"name\":\"Home\",\"item\":\"https:\/\/www.traveltothemagic.net\/de\/titelseite\/\"},{\"@type\":\"ListItem\",\"position\":2,\"name\":\"Unkategorisiert\",\"item\":\"https:\/\/www.traveltothemagic.net\/de\/.\/unkategorisiert\/\"},{\"@type\":\"ListItem\",\"position\":3,\"name\":\"Disneyland Paris Pride 2022: Programm angek\u00fcndigt\"}]},{\"@type\":\"WebSite\",\"@id\":\"https:\/\/www.traveltothemagic.net\/de\/#website\",\"url\":\"https:\/\/www.traveltothemagic.net\/de\/\",\"name\":\"Travel to the Magic\",\"description\":\"Your resource for travel to Disney Parks and more\",\"publisher\":{\"@id\":\"https:\/\/www.traveltothemagic.net\/de\/#organization\"},\"potentialAction\":[{\"@type\":\"SearchAction\",\"target\":{\"@type\":\"EntryPoint\",\"urlTemplate\":\"https:\/\/www.traveltothemagic.net\/de\/?s={search_term_string}\"},\"query-input\":\"required name=search_term_string\"}],\"inLanguage\":\"de-DE\"},{\"@type\":\"Organization\",\"@id\":\"https:\/\/www.traveltothemagic.net\/de\/#organization\",\"name\":\"Travel to the Magic\",\"url\":\"https:\/\/www.traveltothemagic.net\/de\/\",\"logo\":{\"@type\":\"ImageObject\",\"inLanguage\":\"de-DE\",\"@id\":\"https:\/\/www.traveltothemagic.net\/de\/#\/schema\/logo\/image\/\",\"url\":\"https:\/\/www.traveltothemagic.net\/wp-content\/uploads\/2022\/05\/TTTM_Banner.png\",\"contentUrl\":\"https:\/\/www.traveltothemagic.net\/wp-content\/uploads\/2022\/05\/TTTM_Banner.png\",\"width\":2400,\"height\":587,\"caption\":\"Travel to the Magic\"},\"image\":{\"@id\":\"https:\/\/www.traveltothemagic.net\/de\/#\/schema\/logo\/image\/\"},\"sameAs\":[\"https:\/\/www.facebook.com\/travelttmagic\/\",\"https:\/\/twitter.com\/travelttmagic\",\"https:\/\/www.instagram.com\/travelttmagic\/\",\"https:\/\/www.youtube.com\/channel\/UCeE1x22RUo5og7XkiItPD5w\"]},{\"@type\":\"Person\",\"@id\":\"https:\/\/www.traveltothemagic.net\/de\/#\/schema\/person\/c85c693e7becead8be433a4f677c5094\",\"name\":\"Arvid Bux\",\"image\":{\"@type\":\"ImageObject\",\"inLanguage\":\"de-DE\",\"@id\":\"https:\/\/www.traveltothemagic.net\/de\/#\/schema\/person\/image\/\",\"url\":\"https:\/\/secure.gravatar.com\/avatar\/588590ee1fa85298ecdeb1c730f746bf?s=96&d=mm&r=g\",\"contentUrl\":\"https:\/\/secure.gravatar.com\/avatar\/588590ee1fa85298ecdeb1c730f746bf?s=96&d=mm&r=g\",\"caption\":\"Arvid Bux\"},\"sameAs\":[\"https:\/\/twitter.com\/https:\/\/www.twitter.com\/arvid\"],\"url\":\"https:\/\/www.traveltothemagic.net\/de\/author\/arvidbux\/\"}]}<\/script>\n<!-- \/ Yoast SEO Premium plugin. -->","yoast_head_json":{"title":"Disneyland Paris Pride 2022: Programm angek\u00fcndigt - Travel to the Magic","description":"Das Programm f\u00fcr den Disneyland Paris Pride 2022 wurde bekannt gegeben.","robots":{"index":"index","follow":"follow","max-snippet":"max-snippet:-1","max-image-preview":"max-image-preview:large","max-video-preview":"max-video-preview:-1"},"canonical":"https:\/\/www.traveltothemagic.net\/de\/disneyland-paris-pride-2022-programm-angekuendigt\/","og_locale":"de_DE","og_type":"article","og_title":"Disneyland Paris Pride 2022: Programm angek\u00fcndigt","og_description":"Das Programm f\u00fcr den Disneyland Paris Pride 2022 wurde bekannt gegeben. Die G\u00e4ste der Party k\u00f6nnen die Musik von Mika, Bilal Hassani und Becky Hill","og_url":"https:\/\/www.traveltothemagic.net\/de\/disneyland-paris-pride-2022-programm-angekuendigt\/","og_site_name":"Travel to the Magic","article_publisher":"https:\/\/www.facebook.com\/travelttmagic\/","article_published_time":"2022-02-22T12:06:00+00:00","article_modified_time":"2022-05-02T16:13:30+00:00","og_image":[{"width":1920,"height":1219,"url":"https:\/\/www.traveltothemagic.net\/wp-content\/uploads\/2021\/03\/Disneyland-Paris-Pride-2022-Lineup-Logo.jpg","type":"image\/jpeg"}],"author":"Arvid Bux","twitter_card":"summary_large_image","twitter_creator":"@https:\/\/www.twitter.com\/arvid","twitter_site":"@travelttmagic","twitter_misc":{"Verfasst von":"Arvid Bux"},"schema":{"@context":"https:\/\/schema.org","@graph":[{"@type":"Article","@id":"https:\/\/www.traveltothemagic.net\/de\/disneyland-paris-pride-2022-programm-angekuendigt\/#article","isPartOf":{"@id":"https:\/\/www.traveltothemagic.net\/de\/disneyland-paris-pride-2022-programm-angekuendigt\/"},"author":{"name":"Arvid Bux","@id":"https:\/\/www.traveltothemagic.net\/de\/#\/schema\/person\/c85c693e7becead8be433a4f677c5094"},"headline":"Disneyland Paris Pride 2022: Programm angek\u00fcndigt","datePublished":"2022-02-22T12:06:00+00:00","dateModified":"2022-05-02T16:13:30+00:00","mainEntityOfPage":{"@id":"https:\/\/www.traveltothemagic.net\/de\/disneyland-paris-pride-2022-programm-angekuendigt\/"},"wordCount":67,"publisher":{"@id":"https:\/\/www.traveltothemagic.net\/de\/#organization"},"articleSection":["Uncategorized"],"inLanguage":"de-DE"},{"@type":"WebPage","@id":"https:\/\/www.traveltothemagic.net\/de\/disneyland-paris-pride-2022-programm-angekuendigt\/","url":"https:\/\/www.traveltothemagic.net\/de\/disneyland-paris-pride-2022-programm-angekuendigt\/","name":"Disneyland Paris Pride 2022: Programm angek\u00fcndigt - Travel to the Magic","isPartOf":{"@id":"https:\/\/www.traveltothemagic.net\/de\/#website"},"datePublished":"2022-02-22T12:06:00+00:00","dateModified":"2022-05-02T16:13:30+00:00","description":"Das Programm f\u00fcr den Disneyland Paris Pride 2022 wurde bekannt gegeben.","breadcrumb":{"@id":"https:\/\/www.traveltothemagic.net\/de\/disneyland-paris-pride-2022-programm-angekuendigt\/#breadcrumb"},"inLanguage":"de-DE","potentialAction":[{"@type":"ReadAction","target":["https:\/\/www.traveltothemagic.net\/de\/disneyland-paris-pride-2022-programm-angekuendigt\/"]}]},{"@type":"BreadcrumbList","@id":"https:\/\/www.traveltothemagic.net\/de\/disneyland-paris-pride-2022-programm-angekuendigt\/#breadcrumb","itemListElement":[{"@type":"ListItem","position":1,"name":"Home","item":"https:\/\/www.traveltothemagic.net\/de\/titelseite\/"},{"@type":"ListItem","position":2,"name":"Unkategorisiert","item":"https:\/\/www.traveltothemagic.net\/de\/.\/unkategorisiert\/"},{"@type":"ListItem","position":3,"name":"Disneyland Paris Pride 2022: Programm angek\u00fcndigt"}]},{"@type":"WebSite","@id":"https:\/\/www.traveltothemagic.net\/de\/#website","url":"https:\/\/www.traveltothemagic.net\/de\/","name":"Travel to the Magic","description":"Your resource for travel to Disney Parks and more","publisher":{"@id":"https:\/\/www.traveltothemagic.net\/de\/#organization"},"potentialAction":[{"@type":"SearchAction","target":{"@type":"EntryPoint","urlTemplate":"https:\/\/www.traveltothemagic.net\/de\/?s={search_term_string}"},"query-input":"required name=search_term_string"}],"inLanguage":"de-DE"},{"@type":"Organization","@id":"https:\/\/www.traveltothemagic.net\/de\/#organization","name":"Travel to the Magic","url":"https:\/\/www.traveltothemagic.net\/de\/","logo":{"@type":"ImageObject","inLanguage":"de-DE","@id":"https:\/\/www.traveltothemagic.net\/de\/#\/schema\/logo\/image\/","url":"https:\/\/www.traveltothemagic.net\/wp-content\/uploads\/2022\/05\/TTTM_Banner.png","contentUrl":"https:\/\/www.traveltothemagic.net\/wp-content\/uploads\/2022\/05\/TTTM_Banner.png","width":2400,"height":587,"caption":"Travel to the Magic"},"image":{"@id":"https:\/\/www.traveltothemagic.net\/de\/#\/schema\/logo\/image\/"},"sameAs":["https:\/\/www.facebook.com\/travelttmagic\/","https:\/\/twitter.com\/travelttmagic","https:\/\/www.instagram.com\/travelttmagic\/","https:\/\/www.youtube.com\/channel\/UCeE1x22RUo5og7XkiItPD5w"]},{"@type":"Person","@id":"https:\/\/www.traveltothemagic.net\/de\/#\/schema\/person\/c85c693e7becead8be433a4f677c5094","name":"Arvid Bux","image":{"@type":"ImageObject","inLanguage":"de-DE","@id":"https:\/\/www.traveltothemagic.net\/de\/#\/schema\/person\/image\/","url":"https:\/\/secure.gravatar.com\/avatar\/588590ee1fa85298ecdeb1c730f746bf?s=96&d=mm&r=g","contentUrl":"https:\/\/secure.gravatar.com\/avatar\/588590ee1fa85298ecdeb1c730f746bf?s=96&d=mm&r=g","caption":"Arvid Bux"},"sameAs":["https:\/\/twitter.com\/https:\/\/www.twitter.com\/arvid"],"url":"https:\/\/www.traveltothemagic.net\/de\/author\/arvidbux\/"}]}},"modified_by":null,"_links":{"self":[{"href":"https:\/\/www.traveltothemagic.net\/de\/wp-json\/wp\/v2\/posts\/47730"}],"collection":[{"href":"https:\/\/www.traveltothemagic.net\/de\/wp-json\/wp\/v2\/posts"}],"about":[{"href":"https:\/\/www.traveltothemagic.net\/de\/wp-json\/wp\/v2\/types\/post"}],"author":[{"embeddable":true,"href":"https:\/\/www.traveltothemagic.net\/de\/wp-json\/wp\/v2\/users\/1"}],"replies":[{"embeddable":true,"href":"https:\/\/www.traveltothemagic.net\/de\/wp-json\/wp\/v2\/comments?post=47730"}],"version-history":[{"count":0,"href":"https:\/\/www.traveltothemagic.net\/de\/wp-json\/wp\/v2\/posts\/47730\/revisions"}],"wp:featuredmedia":[{"embeddable":true,"href":"https:\/\/www.traveltothemagic.net\/de\/wp-json\/wp\/v2\/media\/47700"}],"wp:attachment":[{"href":"https:\/\/www.traveltothemagic.net\/de\/wp-json\/wp\/v2\/media?parent=47730"}],"wp:term":[{"taxonomy":"category","embeddable":true,"href":"https:\/\/www.traveltothemagic.net\/de\/wp-json\/wp\/v2\/categories?post=47730"},{"taxonomy":"post_tag","embeddable":true,"href":"https:\/\/www.traveltothemagic.net\/de\/wp-json\/wp\/v2\/tags?post=47730"}],"curies":[{"name":"wp","href":"https:\/\/api.w.org\/{rel}","templated":true}]}}