{"id":44872,"date":"2021-07-17T23:36:26","date_gmt":"2021-07-17T21:36:26","guid":{"rendered":"https:\/\/www.traveltothemagic.net\/es-war-einmal-ein-datum-17-juli-1955-disneyland-wird-eroeffnet\/"},"modified":"2021-07-17T23:36:26","modified_gmt":"2021-07-17T21:36:26","slug":"es-war-einmal-ein-datum-17-juli-1955-disneyland-wird-eroeffnet","status":"publish","type":"post","link":"https:\/\/www.traveltothemagic.net\/de\/es-war-einmal-ein-datum-17-juli-1955-disneyland-wird-eroeffnet\/","title":{"rendered":"Es war einmal ein Datum: 17. Juli 1955 &#8211; Disneyland wird er\u00f6ffnet"},"content":{"rendered":"<p>Wir schreiben das Jahr 1955, und nach weniger als einem Jahr Bauzeit \u00f6ffnet Disneyland seine Pforten f\u00fcr die G\u00e4ste. Auf dem seltenen Farbfoto sehen Sie den Haupteingang von Disneyland am Er\u00f6ffnungstag.<\/p>\n<p><img decoding=\"async\" class=\"alignnone size-full wp-image-44840\" src=\"https:\/\/www.traveltothemagic.net\/wp-content\/uploads\/2021\/07\/DL-H-062.jpg\" alt=\"\" width=\"3000\" height=\"1783\" srcset=\"https:\/\/www.traveltothemagic.net\/wp-content\/uploads\/2021\/07\/DL-H-062.jpg 3000w, https:\/\/www.traveltothemagic.net\/wp-content\/uploads\/2021\/07\/DL-H-062-300x178.jpg 300w, https:\/\/www.traveltothemagic.net\/wp-content\/uploads\/2021\/07\/DL-H-062-768x456.jpg 768w, https:\/\/www.traveltothemagic.net\/wp-content\/uploads\/2021\/07\/DL-H-062-1536x913.jpg 1536w, https:\/\/www.traveltothemagic.net\/wp-content\/uploads\/2021\/07\/DL-H-062-2048x1217.jpg 2048w\" sizes=\"(max-width: 3000px) 100vw, 3000px\" \/><\/p>\n","protected":false},"excerpt":{"rendered":"<p>Wir schreiben das Jahr 1955, und nach weniger als einem Jahr Bauzeit \u00f6ffnet Disneyland seine Pforten f\u00fcr die G\u00e4ste. Auf dem seltenen Farbfoto sehen Sie den Haupteingang von Disneyland am Er\u00f6ffnungstag.<\/p>\n","protected":false},"author":1,"featured_media":44840,"comment_status":"closed","ping_status":"closed","sticky":false,"template":"","format":"standard","meta":{"_lmt_disableupdate":"","_lmt_disable":"","footnotes":""},"categories":[1],"tags":[],"yoast_head":"<!-- This site is optimized with the Yoast SEO Premium plugin v20.11 (Yoast SEO v21.3) - https:\/\/yoast.com\/wordpress\/plugins\/seo\/ -->\n<title>Es war einmal ein Datum: 17. Juli 1955 - Disneyland wird er\u00f6ffnet - Travel to the Magic<\/title>\n<meta name=\"robots\" content=\"index, follow, max-snippet:-1, max-image-preview:large, max-video-preview:-1\" \/>\n<link rel=\"canonical\" href=\"https:\/\/www.traveltothemagic.net\/de\/es-war-einmal-ein-datum-17-juli-1955-disneyland-wird-eroeffnet\/\" \/>\n<meta property=\"og:locale\" content=\"de_DE\" \/>\n<meta property=\"og:type\" content=\"article\" \/>\n<meta property=\"og:title\" content=\"Es war einmal ein Datum: 17. Juli 1955 - Disneyland wird er\u00f6ffnet\" \/>\n<meta property=\"og:description\" content=\"Wir schreiben das Jahr 1955, und nach weniger als einem Jahr Bauzeit \u00f6ffnet Disneyland seine Pforten f\u00fcr die G\u00e4ste. Auf dem seltenen Farbfoto sehen Sie\" \/>\n<meta property=\"og:url\" content=\"https:\/\/www.traveltothemagic.net\/de\/es-war-einmal-ein-datum-17-juli-1955-disneyland-wird-eroeffnet\/\" \/>\n<meta property=\"og:site_name\" content=\"Travel to the Magic\" \/>\n<meta property=\"article:publisher\" content=\"https:\/\/www.facebook.com\/travelttmagic\/\" \/>\n<meta property=\"article:published_time\" content=\"2021-07-17T21:36:26+00:00\" \/>\n<meta property=\"og:image\" content=\"https:\/\/www.traveltothemagic.net\/wp-content\/uploads\/2021\/07\/DL-H-062.jpg\" \/>\n\t<meta property=\"og:image:width\" content=\"3000\" \/>\n\t<meta property=\"og:image:height\" content=\"1783\" \/>\n\t<meta property=\"og:image:type\" content=\"image\/jpeg\" \/>\n<meta name=\"author\" content=\"Arvid Bux\" \/>\n<meta name=\"twitter:card\" content=\"summary_large_image\" \/>\n<meta name=\"twitter:creator\" content=\"@https:\/\/www.twitter.com\/arvid\" \/>\n<meta name=\"twitter:site\" content=\"@travelttmagic\" \/>\n<meta name=\"twitter:label1\" content=\"Verfasst von\" \/>\n\t<meta name=\"twitter:data1\" content=\"Arvid Bux\" \/>\n<script type=\"application\/ld+json\" class=\"yoast-schema-graph\">{\"@context\":\"https:\/\/schema.org\",\"@graph\":[{\"@type\":\"Article\",\"@id\":\"https:\/\/www.traveltothemagic.net\/de\/es-war-einmal-ein-datum-17-juli-1955-disneyland-wird-eroeffnet\/#article\",\"isPartOf\":{\"@id\":\"https:\/\/www.traveltothemagic.net\/de\/es-war-einmal-ein-datum-17-juli-1955-disneyland-wird-eroeffnet\/\"},\"author\":{\"name\":\"Arvid Bux\",\"@id\":\"https:\/\/www.traveltothemagic.net\/de\/#\/schema\/person\/c85c693e7becead8be433a4f677c5094\"},\"headline\":\"Es war einmal ein Datum: 17. Juli 1955 &#8211; Disneyland wird er\u00f6ffnet\",\"datePublished\":\"2021-07-17T21:36:26+00:00\",\"dateModified\":\"2021-07-17T21:36:26+00:00\",\"mainEntityOfPage\":{\"@id\":\"https:\/\/www.traveltothemagic.net\/de\/es-war-einmal-ein-datum-17-juli-1955-disneyland-wird-eroeffnet\/\"},\"wordCount\":44,\"publisher\":{\"@id\":\"https:\/\/www.traveltothemagic.net\/de\/#organization\"},\"articleSection\":[\"Uncategorized\"],\"inLanguage\":\"de-DE\"},{\"@type\":\"WebPage\",\"@id\":\"https:\/\/www.traveltothemagic.net\/de\/es-war-einmal-ein-datum-17-juli-1955-disneyland-wird-eroeffnet\/\",\"url\":\"https:\/\/www.traveltothemagic.net\/de\/es-war-einmal-ein-datum-17-juli-1955-disneyland-wird-eroeffnet\/\",\"name\":\"Es war einmal ein Datum: 17. Juli 1955 - Disneyland wird er\u00f6ffnet - Travel to the Magic\",\"isPartOf\":{\"@id\":\"https:\/\/www.traveltothemagic.net\/de\/#website\"},\"datePublished\":\"2021-07-17T21:36:26+00:00\",\"dateModified\":\"2021-07-17T21:36:26+00:00\",\"breadcrumb\":{\"@id\":\"https:\/\/www.traveltothemagic.net\/de\/es-war-einmal-ein-datum-17-juli-1955-disneyland-wird-eroeffnet\/#breadcrumb\"},\"inLanguage\":\"de-DE\",\"potentialAction\":[{\"@type\":\"ReadAction\",\"target\":[\"https:\/\/www.traveltothemagic.net\/de\/es-war-einmal-ein-datum-17-juli-1955-disneyland-wird-eroeffnet\/\"]}]},{\"@type\":\"BreadcrumbList\",\"@id\":\"https:\/\/www.traveltothemagic.net\/de\/es-war-einmal-ein-datum-17-juli-1955-disneyland-wird-eroeffnet\/#breadcrumb\",\"itemListElement\":[{\"@type\":\"ListItem\",\"position\":1,\"name\":\"Home\",\"item\":\"https:\/\/www.traveltothemagic.net\/de\/titelseite\/\"},{\"@type\":\"ListItem\",\"position\":2,\"name\":\"Unkategorisiert\",\"item\":\"https:\/\/www.traveltothemagic.net\/de\/.\/unkategorisiert\/\"},{\"@type\":\"ListItem\",\"position\":3,\"name\":\"Es war einmal ein Datum: 17. Juli 1955 &#8211; Disneyland wird er\u00f6ffnet\"}]},{\"@type\":\"WebSite\",\"@id\":\"https:\/\/www.traveltothemagic.net\/de\/#website\",\"url\":\"https:\/\/www.traveltothemagic.net\/de\/\",\"name\":\"Travel to the Magic\",\"description\":\"Your resource for travel to Disney Parks and more\",\"publisher\":{\"@id\":\"https:\/\/www.traveltothemagic.net\/de\/#organization\"},\"potentialAction\":[{\"@type\":\"SearchAction\",\"target\":{\"@type\":\"EntryPoint\",\"urlTemplate\":\"https:\/\/www.traveltothemagic.net\/de\/?s={search_term_string}\"},\"query-input\":\"required name=search_term_string\"}],\"inLanguage\":\"de-DE\"},{\"@type\":\"Organization\",\"@id\":\"https:\/\/www.traveltothemagic.net\/de\/#organization\",\"name\":\"Travel to the Magic\",\"url\":\"https:\/\/www.traveltothemagic.net\/de\/\",\"logo\":{\"@type\":\"ImageObject\",\"inLanguage\":\"de-DE\",\"@id\":\"https:\/\/www.traveltothemagic.net\/de\/#\/schema\/logo\/image\/\",\"url\":\"https:\/\/www.traveltothemagic.net\/wp-content\/uploads\/2022\/05\/TTTM_Banner.png\",\"contentUrl\":\"https:\/\/www.traveltothemagic.net\/wp-content\/uploads\/2022\/05\/TTTM_Banner.png\",\"width\":2400,\"height\":587,\"caption\":\"Travel to the Magic\"},\"image\":{\"@id\":\"https:\/\/www.traveltothemagic.net\/de\/#\/schema\/logo\/image\/\"},\"sameAs\":[\"https:\/\/www.facebook.com\/travelttmagic\/\",\"https:\/\/twitter.com\/travelttmagic\",\"https:\/\/www.instagram.com\/travelttmagic\/\",\"https:\/\/www.youtube.com\/channel\/UCeE1x22RUo5og7XkiItPD5w\"]},{\"@type\":\"Person\",\"@id\":\"https:\/\/www.traveltothemagic.net\/de\/#\/schema\/person\/c85c693e7becead8be433a4f677c5094\",\"name\":\"Arvid Bux\",\"image\":{\"@type\":\"ImageObject\",\"inLanguage\":\"de-DE\",\"@id\":\"https:\/\/www.traveltothemagic.net\/de\/#\/schema\/person\/image\/\",\"url\":\"https:\/\/secure.gravatar.com\/avatar\/588590ee1fa85298ecdeb1c730f746bf?s=96&d=mm&r=g\",\"contentUrl\":\"https:\/\/secure.gravatar.com\/avatar\/588590ee1fa85298ecdeb1c730f746bf?s=96&d=mm&r=g\",\"caption\":\"Arvid Bux\"},\"sameAs\":[\"https:\/\/twitter.com\/https:\/\/www.twitter.com\/arvid\"],\"url\":\"https:\/\/www.traveltothemagic.net\/de\/author\/arvidbux\/\"}]}<\/script>\n<!-- \/ Yoast SEO Premium plugin. -->","yoast_head_json":{"title":"Es war einmal ein Datum: 17. Juli 1955 - Disneyland wird er\u00f6ffnet - Travel to the Magic","robots":{"index":"index","follow":"follow","max-snippet":"max-snippet:-1","max-image-preview":"max-image-preview:large","max-video-preview":"max-video-preview:-1"},"canonical":"https:\/\/www.traveltothemagic.net\/de\/es-war-einmal-ein-datum-17-juli-1955-disneyland-wird-eroeffnet\/","og_locale":"de_DE","og_type":"article","og_title":"Es war einmal ein Datum: 17. Juli 1955 - Disneyland wird er\u00f6ffnet","og_description":"Wir schreiben das Jahr 1955, und nach weniger als einem Jahr Bauzeit \u00f6ffnet Disneyland seine Pforten f\u00fcr die G\u00e4ste. Auf dem seltenen Farbfoto sehen Sie","og_url":"https:\/\/www.traveltothemagic.net\/de\/es-war-einmal-ein-datum-17-juli-1955-disneyland-wird-eroeffnet\/","og_site_name":"Travel to the Magic","article_publisher":"https:\/\/www.facebook.com\/travelttmagic\/","article_published_time":"2021-07-17T21:36:26+00:00","og_image":[{"width":3000,"height":1783,"url":"https:\/\/www.traveltothemagic.net\/wp-content\/uploads\/2021\/07\/DL-H-062.jpg","type":"image\/jpeg"}],"author":"Arvid Bux","twitter_card":"summary_large_image","twitter_creator":"@https:\/\/www.twitter.com\/arvid","twitter_site":"@travelttmagic","twitter_misc":{"Verfasst von":"Arvid Bux"},"schema":{"@context":"https:\/\/schema.org","@graph":[{"@type":"Article","@id":"https:\/\/www.traveltothemagic.net\/de\/es-war-einmal-ein-datum-17-juli-1955-disneyland-wird-eroeffnet\/#article","isPartOf":{"@id":"https:\/\/www.traveltothemagic.net\/de\/es-war-einmal-ein-datum-17-juli-1955-disneyland-wird-eroeffnet\/"},"author":{"name":"Arvid Bux","@id":"https:\/\/www.traveltothemagic.net\/de\/#\/schema\/person\/c85c693e7becead8be433a4f677c5094"},"headline":"Es war einmal ein Datum: 17. Juli 1955 &#8211; Disneyland wird er\u00f6ffnet","datePublished":"2021-07-17T21:36:26+00:00","dateModified":"2021-07-17T21:36:26+00:00","mainEntityOfPage":{"@id":"https:\/\/www.traveltothemagic.net\/de\/es-war-einmal-ein-datum-17-juli-1955-disneyland-wird-eroeffnet\/"},"wordCount":44,"publisher":{"@id":"https:\/\/www.traveltothemagic.net\/de\/#organization"},"articleSection":["Uncategorized"],"inLanguage":"de-DE"},{"@type":"WebPage","@id":"https:\/\/www.traveltothemagic.net\/de\/es-war-einmal-ein-datum-17-juli-1955-disneyland-wird-eroeffnet\/","url":"https:\/\/www.traveltothemagic.net\/de\/es-war-einmal-ein-datum-17-juli-1955-disneyland-wird-eroeffnet\/","name":"Es war einmal ein Datum: 17. Juli 1955 - Disneyland wird er\u00f6ffnet - Travel to the Magic","isPartOf":{"@id":"https:\/\/www.traveltothemagic.net\/de\/#website"},"datePublished":"2021-07-17T21:36:26+00:00","dateModified":"2021-07-17T21:36:26+00:00","breadcrumb":{"@id":"https:\/\/www.traveltothemagic.net\/de\/es-war-einmal-ein-datum-17-juli-1955-disneyland-wird-eroeffnet\/#breadcrumb"},"inLanguage":"de-DE","potentialAction":[{"@type":"ReadAction","target":["https:\/\/www.traveltothemagic.net\/de\/es-war-einmal-ein-datum-17-juli-1955-disneyland-wird-eroeffnet\/"]}]},{"@type":"BreadcrumbList","@id":"https:\/\/www.traveltothemagic.net\/de\/es-war-einmal-ein-datum-17-juli-1955-disneyland-wird-eroeffnet\/#breadcrumb","itemListElement":[{"@type":"ListItem","position":1,"name":"Home","item":"https:\/\/www.traveltothemagic.net\/de\/titelseite\/"},{"@type":"ListItem","position":2,"name":"Unkategorisiert","item":"https:\/\/www.traveltothemagic.net\/de\/.\/unkategorisiert\/"},{"@type":"ListItem","position":3,"name":"Es war einmal ein Datum: 17. Juli 1955 &#8211; Disneyland wird er\u00f6ffnet"}]},{"@type":"WebSite","@id":"https:\/\/www.traveltothemagic.net\/de\/#website","url":"https:\/\/www.traveltothemagic.net\/de\/","name":"Travel to the Magic","description":"Your resource for travel to Disney Parks and more","publisher":{"@id":"https:\/\/www.traveltothemagic.net\/de\/#organization"},"potentialAction":[{"@type":"SearchAction","target":{"@type":"EntryPoint","urlTemplate":"https:\/\/www.traveltothemagic.net\/de\/?s={search_term_string}"},"query-input":"required name=search_term_string"}],"inLanguage":"de-DE"},{"@type":"Organization","@id":"https:\/\/www.traveltothemagic.net\/de\/#organization","name":"Travel to the Magic","url":"https:\/\/www.traveltothemagic.net\/de\/","logo":{"@type":"ImageObject","inLanguage":"de-DE","@id":"https:\/\/www.traveltothemagic.net\/de\/#\/schema\/logo\/image\/","url":"https:\/\/www.traveltothemagic.net\/wp-content\/uploads\/2022\/05\/TTTM_Banner.png","contentUrl":"https:\/\/www.traveltothemagic.net\/wp-content\/uploads\/2022\/05\/TTTM_Banner.png","width":2400,"height":587,"caption":"Travel to the Magic"},"image":{"@id":"https:\/\/www.traveltothemagic.net\/de\/#\/schema\/logo\/image\/"},"sameAs":["https:\/\/www.facebook.com\/travelttmagic\/","https:\/\/twitter.com\/travelttmagic","https:\/\/www.instagram.com\/travelttmagic\/","https:\/\/www.youtube.com\/channel\/UCeE1x22RUo5og7XkiItPD5w"]},{"@type":"Person","@id":"https:\/\/www.traveltothemagic.net\/de\/#\/schema\/person\/c85c693e7becead8be433a4f677c5094","name":"Arvid Bux","image":{"@type":"ImageObject","inLanguage":"de-DE","@id":"https:\/\/www.traveltothemagic.net\/de\/#\/schema\/person\/image\/","url":"https:\/\/secure.gravatar.com\/avatar\/588590ee1fa85298ecdeb1c730f746bf?s=96&d=mm&r=g","contentUrl":"https:\/\/secure.gravatar.com\/avatar\/588590ee1fa85298ecdeb1c730f746bf?s=96&d=mm&r=g","caption":"Arvid Bux"},"sameAs":["https:\/\/twitter.com\/https:\/\/www.twitter.com\/arvid"],"url":"https:\/\/www.traveltothemagic.net\/de\/author\/arvidbux\/"}]}},"modified_by":null,"_links":{"self":[{"href":"https:\/\/www.traveltothemagic.net\/de\/wp-json\/wp\/v2\/posts\/44872"}],"collection":[{"href":"https:\/\/www.traveltothemagic.net\/de\/wp-json\/wp\/v2\/posts"}],"about":[{"href":"https:\/\/www.traveltothemagic.net\/de\/wp-json\/wp\/v2\/types\/post"}],"author":[{"embeddable":true,"href":"https:\/\/www.traveltothemagic.net\/de\/wp-json\/wp\/v2\/users\/1"}],"replies":[{"embeddable":true,"href":"https:\/\/www.traveltothemagic.net\/de\/wp-json\/wp\/v2\/comments?post=44872"}],"version-history":[{"count":0,"href":"https:\/\/www.traveltothemagic.net\/de\/wp-json\/wp\/v2\/posts\/44872\/revisions"}],"wp:featuredmedia":[{"embeddable":true,"href":"https:\/\/www.traveltothemagic.net\/de\/wp-json\/wp\/v2\/media\/44840"}],"wp:attachment":[{"href":"https:\/\/www.traveltothemagic.net\/de\/wp-json\/wp\/v2\/media?parent=44872"}],"wp:term":[{"taxonomy":"category","embeddable":true,"href":"https:\/\/www.traveltothemagic.net\/de\/wp-json\/wp\/v2\/categories?post=44872"},{"taxonomy":"post_tag","embeddable":true,"href":"https:\/\/www.traveltothemagic.net\/de\/wp-json\/wp\/v2\/tags?post=44872"}],"curies":[{"name":"wp","href":"https:\/\/api.w.org\/{rel}","templated":true}]}}