{"id":40191,"date":"2021-07-01T21:00:14","date_gmt":"2021-07-01T19:00:14","guid":{"rendered":"https:\/\/www.traveltothemagic.net\/disney-junior-traumfabrik-eroeffnet-im-disneyland-paris\/"},"modified":"2021-07-01T21:00:14","modified_gmt":"2021-07-01T19:00:14","slug":"disney-junior-traumfabrik-eroeffnet-im-disneyland-paris","status":"publish","type":"post","link":"https:\/\/www.traveltothemagic.net\/de\/disney-junior-traumfabrik-eroeffnet-im-disneyland-paris\/","title":{"rendered":"Disney Junior Traumfabrik er\u00f6ffnet im Disneyland Paris"},"content":{"rendered":"<p>Nach der <a href=\"https:\/\/www.traveltothemagic.net\/disneyland-paris-to-reopen-on-june-17-2021\/\">Wiederer\u00f6ffnung von Disneyland Paris am 17. Juni<\/a> empf\u00e4ngt die erste neue Show des Resorts in diesem Jahr &#8211; Disney Junior Dream Factory &#8211; nun auch die G\u00e4ste im Walt Disney Studios Park.<\/p>\n<p>Ideal f\u00fcr Familien mit kleinen Kindern ist die Disney Junior Dream Factory eine interaktive 20-min\u00fctige Show, die im brandneuen &#8222;Studio D&#8220;-Theater im Walt Disney Studios Park auf einer neuen, hochmodernen B\u00fchne stattfindet. Die Kleinen k\u00f6nnen mit ihren Lieblingshelden aus den beliebten Disney Junior-Franchises tr\u00e4umen, w\u00e4hrend die Familien gemeinsam Tr\u00e4ume wahr werden lassen, singen und unvergessliche musikalische Momente genie\u00dfen.<\/p>\n<p><img decoding=\"async\" class=\"alignnone size-full wp-image-40182\" src=\"https:\/\/www.traveltothemagic.net\/wp-content\/uploads\/2021\/07\/Disneyland-Paris-Disney-Junior-Dream-Factor-01.jpg\" alt=\"\" width=\"5472\" height=\"3648\" srcset=\"https:\/\/www.traveltothemagic.net\/wp-content\/uploads\/2021\/07\/Disneyland-Paris-Disney-Junior-Dream-Factor-01.jpg 5472w, https:\/\/www.traveltothemagic.net\/wp-content\/uploads\/2021\/07\/Disneyland-Paris-Disney-Junior-Dream-Factor-01-300x200.jpg 300w, https:\/\/www.traveltothemagic.net\/wp-content\/uploads\/2021\/07\/Disneyland-Paris-Disney-Junior-Dream-Factor-01-768x512.jpg 768w, https:\/\/www.traveltothemagic.net\/wp-content\/uploads\/2021\/07\/Disneyland-Paris-Disney-Junior-Dream-Factor-01-1536x1024.jpg 1536w, https:\/\/www.traveltothemagic.net\/wp-content\/uploads\/2021\/07\/Disneyland-Paris-Disney-Junior-Dream-Factor-01-2048x1365.jpg 2048w\" sizes=\"(max-width: 5472px) 100vw, 5472px\" \/><\/p>\n<p>In der Show treten Charaktere wie Mickey, Minnie und Timon sowie die aufstrebenden Stars von Disney Junior, Vampirina und Fancy Nancy Clancy, zusammen mit der Dream Factory-Crew auf. Gerade als sie enth\u00fcllen wollen, wie Tr\u00e4ume gemacht werden, steht die Fabrik still &#8211; aber Mickey, Minnie und die Experten f\u00fcr Tr\u00e4ume k\u00f6nnen den Tag retten!<\/p>\n<p>Mit vielen Ohrw\u00fcrmern laden sie das Publikum zum Mitmachen ein und zeigen allen, dass man &#8222;es wagen kann, an seine Tr\u00e4ume zu glauben und sie werden wahr&#8220; und helfen durch Singen, Schunkeln und Spa\u00df, die Traummaschine zum Laufen zu bringen. Jetzt ist es mehr denn je an der Zeit zu tr\u00e4umen, und die Disney Junior Dream Factory wird den G\u00e4sten dabei helfen, genau das zu tun!<\/p>\n<p>Um diese Show zu kreieren, lie\u00df sich Regisseur Paul Chychota von den Geschichten, der Musik und den Schaupl\u00e4tzen der Disney Junior TV-Hits Vampirina, Fancy Nancy Clancy und Der K\u00f6nig der L\u00f6wen inspirieren.<\/p>\n<p>&#8222;<em>Die gr\u00f6\u00dfte Herausforderung bei der Erstellung der Show war es, sicherzustellen, dass sie sowohl f\u00fcr j\u00fcngere Kinder als auch f\u00fcr deren Eltern relevant ist. Unsere Botschaft musste einfach genug sein, damit Kinder sie verstehen, und anspruchsvoll genug f\u00fcr Erwachsene. Die Show wurde so konzipiert und gestaltet, dass sich jeder in der Disney Junior Traumfabrik willkommen f\u00fchlt!<\/em>&#8220;<\/p>\n<h2>Pr\u00e4sentiert mit franz\u00f6sischer Geb\u00e4rdensprachdolmetschung<\/h2>\n<p>Disney Junior Dream Factory wird jedes Wochenende mit Schauspielern pr\u00e4sentiert, die auf &#8222;Chansigne&#8220; &#8211; eine Form des k\u00fcnstlerischen Ausdrucks in franz\u00f6sischer Zeichensprache &#8211; spezialisiert sind, um alle G\u00e4ste in die bezaubernde Geschichte der Show einzutauchen.<\/p>\n<h2>Fakten und Zahlen zur Produktion<\/h2>\n<p>Jede Sendung bringt ihre eigenen interessanten Fakten und Zahlen mit;<\/p>\n<ul>\n<li>Zeitraffer auf den neuen B\u00fchnenaufbau: D\u00e9couvrez la transformation de Studio D ! &#8211; YouTube<\/li>\n<li>160 Personen arbeiteten an der Show<\/li>\n<li>45 S\u00e4ngerinnen und S\u00e4nger haben f\u00fcr die 18 Rollen vorgesprochen (9 Frauen und 9 M\u00e4nner)<\/li>\n<li>Die Darsteller repr\u00e4sentieren vier Nationalit\u00e4ten: Englisch, Italienisch, Spanisch und Franz\u00f6sisch<\/li>\n<li>Vier h\u00f6rgesch\u00e4digte Comedians, die sich auf &#8218;Chansigne&#8216; spezialisiert haben<\/li>\n<\/ul>\n<h2>Exklusiver Blick auf die Disney Junior Traumfabrik<\/h2>\n<p><iframe title=\"La Fabrique des R\u00eaves de Disney Junior \u2013 D\u00e9couvrez un premier extrait exclusif du spectacle\" width=\"1200\" height=\"675\" src=\"https:\/\/www.youtube.com\/embed\/YdZjeRkhVe4?feature=oembed\" frameborder=\"0\" allow=\"accelerometer; autoplay; clipboard-write; encrypted-media; gyroscope; picture-in-picture\" allowfullscreen><\/iframe><\/p>\n","protected":false},"excerpt":{"rendered":"<p>Nach der Wiederer\u00f6ffnung von Disneyland Paris am 17. Juni empf\u00e4ngt die erste neue Show des Resorts in diesem Jahr &#8211; Disney Junior Dream Factory &#8211; nun auch die G\u00e4ste im Walt Disney Studios Park. Ideal f\u00fcr Familien mit kleinen Kindern ist die Disney Junior Dream Factory eine interaktive 20-min\u00fctige Show, die im brandneuen &#8222;Studio D&#8220;-Theater &#8230; <a title=\"Disney Junior Traumfabrik er\u00f6ffnet im Disneyland Paris\" class=\"read-more\" href=\"https:\/\/www.traveltothemagic.net\/de\/disney-junior-traumfabrik-eroeffnet-im-disneyland-paris\/\" aria-label=\"Read more about Disney Junior Traumfabrik er\u00f6ffnet im Disneyland Paris\">Read more<\/a><\/p>\n","protected":false},"author":1,"featured_media":40182,"comment_status":"closed","ping_status":"closed","sticky":false,"template":"","format":"standard","meta":{"_lmt_disableupdate":"","_lmt_disable":"","footnotes":""},"categories":[1],"tags":[8773,12,150],"yoast_head":"<!-- This site is optimized with the Yoast SEO Premium plugin v20.11 (Yoast SEO v21.3) - https:\/\/yoast.com\/wordpress\/plugins\/seo\/ -->\n<title>Disney Junior Traumfabrik er\u00f6ffnet im Disneyland Paris - Travel to the Magic<\/title>\n<meta name=\"robots\" content=\"index, follow, max-snippet:-1, max-image-preview:large, max-video-preview:-1\" \/>\n<link rel=\"canonical\" href=\"https:\/\/www.traveltothemagic.net\/de\/disney-junior-traumfabrik-eroeffnet-im-disneyland-paris\/\" \/>\n<meta property=\"og:locale\" content=\"de_DE\" \/>\n<meta property=\"og:type\" content=\"article\" \/>\n<meta property=\"og:title\" content=\"Disney Junior Traumfabrik er\u00f6ffnet im Disneyland Paris\" \/>\n<meta property=\"og:description\" content=\"Nach der Wiederer\u00f6ffnung von Disneyland Paris am 17. Juni empf\u00e4ngt die erste neue Show des Resorts in diesem Jahr - Disney Junior Dream Factory - nun auch\" \/>\n<meta property=\"og:url\" content=\"https:\/\/www.traveltothemagic.net\/de\/disney-junior-traumfabrik-eroeffnet-im-disneyland-paris\/\" \/>\n<meta property=\"og:site_name\" content=\"Travel to the Magic\" \/>\n<meta property=\"article:publisher\" content=\"https:\/\/www.facebook.com\/travelttmagic\/\" \/>\n<meta property=\"article:published_time\" content=\"2021-07-01T19:00:14+00:00\" \/>\n<meta property=\"og:image\" content=\"https:\/\/www.traveltothemagic.net\/wp-content\/uploads\/2021\/07\/Disneyland-Paris-Disney-Junior-Dream-Factor-01-768x512.jpg\" \/>\n\t<meta property=\"og:image:width\" content=\"768\" \/>\n\t<meta property=\"og:image:height\" content=\"512\" \/>\n\t<meta property=\"og:image:type\" content=\"image\/jpeg\" \/>\n<meta name=\"author\" content=\"Arvid Bux\" \/>\n<meta name=\"twitter:card\" content=\"summary_large_image\" \/>\n<meta name=\"twitter:creator\" content=\"@https:\/\/www.twitter.com\/arvid\" \/>\n<meta name=\"twitter:site\" content=\"@travelttmagic\" \/>\n<meta name=\"twitter:label1\" content=\"Verfasst von\" \/>\n\t<meta name=\"twitter:data1\" content=\"Arvid Bux\" \/>\n\t<meta name=\"twitter:label2\" content=\"Gesch\u00e4tzte Lesezeit\" \/>\n\t<meta name=\"twitter:data2\" content=\"2 Minuten\" \/>\n<script type=\"application\/ld+json\" class=\"yoast-schema-graph\">{\"@context\":\"https:\/\/schema.org\",\"@graph\":[{\"@type\":\"Article\",\"@id\":\"https:\/\/www.traveltothemagic.net\/de\/disney-junior-traumfabrik-eroeffnet-im-disneyland-paris\/#article\",\"isPartOf\":{\"@id\":\"https:\/\/www.traveltothemagic.net\/de\/disney-junior-traumfabrik-eroeffnet-im-disneyland-paris\/\"},\"author\":{\"name\":\"Arvid Bux\",\"@id\":\"https:\/\/www.traveltothemagic.net\/de\/#\/schema\/person\/c85c693e7becead8be433a4f677c5094\"},\"headline\":\"Disney Junior Traumfabrik er\u00f6ffnet im Disneyland Paris\",\"datePublished\":\"2021-07-01T19:00:14+00:00\",\"dateModified\":\"2021-07-01T19:00:14+00:00\",\"mainEntityOfPage\":{\"@id\":\"https:\/\/www.traveltothemagic.net\/de\/disney-junior-traumfabrik-eroeffnet-im-disneyland-paris\/\"},\"wordCount\":468,\"publisher\":{\"@id\":\"https:\/\/www.traveltothemagic.net\/de\/#organization\"},\"keywords\":[\"Disney Junior Dream Factory\",\"Disneyland Paris\",\"Walt Disney Studios\"],\"articleSection\":[\"Uncategorized\"],\"inLanguage\":\"de-DE\"},{\"@type\":\"WebPage\",\"@id\":\"https:\/\/www.traveltothemagic.net\/de\/disney-junior-traumfabrik-eroeffnet-im-disneyland-paris\/\",\"url\":\"https:\/\/www.traveltothemagic.net\/de\/disney-junior-traumfabrik-eroeffnet-im-disneyland-paris\/\",\"name\":\"Disney Junior Traumfabrik er\u00f6ffnet im Disneyland Paris - Travel to the Magic\",\"isPartOf\":{\"@id\":\"https:\/\/www.traveltothemagic.net\/de\/#website\"},\"datePublished\":\"2021-07-01T19:00:14+00:00\",\"dateModified\":\"2021-07-01T19:00:14+00:00\",\"breadcrumb\":{\"@id\":\"https:\/\/www.traveltothemagic.net\/de\/disney-junior-traumfabrik-eroeffnet-im-disneyland-paris\/#breadcrumb\"},\"inLanguage\":\"de-DE\",\"potentialAction\":[{\"@type\":\"ReadAction\",\"target\":[\"https:\/\/www.traveltothemagic.net\/de\/disney-junior-traumfabrik-eroeffnet-im-disneyland-paris\/\"]}]},{\"@type\":\"BreadcrumbList\",\"@id\":\"https:\/\/www.traveltothemagic.net\/de\/disney-junior-traumfabrik-eroeffnet-im-disneyland-paris\/#breadcrumb\",\"itemListElement\":[{\"@type\":\"ListItem\",\"position\":1,\"name\":\"Home\",\"item\":\"https:\/\/www.traveltothemagic.net\/de\/titelseite\/\"},{\"@type\":\"ListItem\",\"position\":2,\"name\":\"Unkategorisiert\",\"item\":\"https:\/\/www.traveltothemagic.net\/de\/.\/unkategorisiert\/\"},{\"@type\":\"ListItem\",\"position\":3,\"name\":\"Disney Junior Traumfabrik er\u00f6ffnet im Disneyland Paris\"}]},{\"@type\":\"WebSite\",\"@id\":\"https:\/\/www.traveltothemagic.net\/de\/#website\",\"url\":\"https:\/\/www.traveltothemagic.net\/de\/\",\"name\":\"Travel to the Magic\",\"description\":\"Your resource for travel to Disney Parks and more\",\"publisher\":{\"@id\":\"https:\/\/www.traveltothemagic.net\/de\/#organization\"},\"potentialAction\":[{\"@type\":\"SearchAction\",\"target\":{\"@type\":\"EntryPoint\",\"urlTemplate\":\"https:\/\/www.traveltothemagic.net\/de\/?s={search_term_string}\"},\"query-input\":\"required name=search_term_string\"}],\"inLanguage\":\"de-DE\"},{\"@type\":\"Organization\",\"@id\":\"https:\/\/www.traveltothemagic.net\/de\/#organization\",\"name\":\"Travel to the Magic\",\"url\":\"https:\/\/www.traveltothemagic.net\/de\/\",\"logo\":{\"@type\":\"ImageObject\",\"inLanguage\":\"de-DE\",\"@id\":\"https:\/\/www.traveltothemagic.net\/de\/#\/schema\/logo\/image\/\",\"url\":\"https:\/\/www.traveltothemagic.net\/wp-content\/uploads\/2022\/05\/TTTM_Banner.png\",\"contentUrl\":\"https:\/\/www.traveltothemagic.net\/wp-content\/uploads\/2022\/05\/TTTM_Banner.png\",\"width\":2400,\"height\":587,\"caption\":\"Travel to the Magic\"},\"image\":{\"@id\":\"https:\/\/www.traveltothemagic.net\/de\/#\/schema\/logo\/image\/\"},\"sameAs\":[\"https:\/\/www.facebook.com\/travelttmagic\/\",\"https:\/\/twitter.com\/travelttmagic\",\"https:\/\/www.instagram.com\/travelttmagic\/\",\"https:\/\/www.youtube.com\/channel\/UCeE1x22RUo5og7XkiItPD5w\"]},{\"@type\":\"Person\",\"@id\":\"https:\/\/www.traveltothemagic.net\/de\/#\/schema\/person\/c85c693e7becead8be433a4f677c5094\",\"name\":\"Arvid Bux\",\"image\":{\"@type\":\"ImageObject\",\"inLanguage\":\"de-DE\",\"@id\":\"https:\/\/www.traveltothemagic.net\/de\/#\/schema\/person\/image\/\",\"url\":\"https:\/\/secure.gravatar.com\/avatar\/588590ee1fa85298ecdeb1c730f746bf?s=96&d=mm&r=g\",\"contentUrl\":\"https:\/\/secure.gravatar.com\/avatar\/588590ee1fa85298ecdeb1c730f746bf?s=96&d=mm&r=g\",\"caption\":\"Arvid Bux\"},\"sameAs\":[\"https:\/\/twitter.com\/https:\/\/www.twitter.com\/arvid\"],\"url\":\"https:\/\/www.traveltothemagic.net\/de\/author\/arvidbux\/\"}]}<\/script>\n<!-- \/ Yoast SEO Premium plugin. -->","yoast_head_json":{"title":"Disney Junior Traumfabrik er\u00f6ffnet im Disneyland Paris - Travel to the Magic","robots":{"index":"index","follow":"follow","max-snippet":"max-snippet:-1","max-image-preview":"max-image-preview:large","max-video-preview":"max-video-preview:-1"},"canonical":"https:\/\/www.traveltothemagic.net\/de\/disney-junior-traumfabrik-eroeffnet-im-disneyland-paris\/","og_locale":"de_DE","og_type":"article","og_title":"Disney Junior Traumfabrik er\u00f6ffnet im Disneyland Paris","og_description":"Nach der Wiederer\u00f6ffnung von Disneyland Paris am 17. Juni empf\u00e4ngt die erste neue Show des Resorts in diesem Jahr - Disney Junior Dream Factory - nun auch","og_url":"https:\/\/www.traveltothemagic.net\/de\/disney-junior-traumfabrik-eroeffnet-im-disneyland-paris\/","og_site_name":"Travel to the Magic","article_publisher":"https:\/\/www.facebook.com\/travelttmagic\/","article_published_time":"2021-07-01T19:00:14+00:00","og_image":[{"width":768,"height":512,"url":"https:\/\/www.traveltothemagic.net\/wp-content\/uploads\/2021\/07\/Disneyland-Paris-Disney-Junior-Dream-Factor-01-768x512.jpg","type":"image\/jpeg"}],"author":"Arvid Bux","twitter_card":"summary_large_image","twitter_creator":"@https:\/\/www.twitter.com\/arvid","twitter_site":"@travelttmagic","twitter_misc":{"Verfasst von":"Arvid Bux","Gesch\u00e4tzte Lesezeit":"2 Minuten"},"schema":{"@context":"https:\/\/schema.org","@graph":[{"@type":"Article","@id":"https:\/\/www.traveltothemagic.net\/de\/disney-junior-traumfabrik-eroeffnet-im-disneyland-paris\/#article","isPartOf":{"@id":"https:\/\/www.traveltothemagic.net\/de\/disney-junior-traumfabrik-eroeffnet-im-disneyland-paris\/"},"author":{"name":"Arvid Bux","@id":"https:\/\/www.traveltothemagic.net\/de\/#\/schema\/person\/c85c693e7becead8be433a4f677c5094"},"headline":"Disney Junior Traumfabrik er\u00f6ffnet im Disneyland Paris","datePublished":"2021-07-01T19:00:14+00:00","dateModified":"2021-07-01T19:00:14+00:00","mainEntityOfPage":{"@id":"https:\/\/www.traveltothemagic.net\/de\/disney-junior-traumfabrik-eroeffnet-im-disneyland-paris\/"},"wordCount":468,"publisher":{"@id":"https:\/\/www.traveltothemagic.net\/de\/#organization"},"keywords":["Disney Junior Dream Factory","Disneyland Paris","Walt Disney Studios"],"articleSection":["Uncategorized"],"inLanguage":"de-DE"},{"@type":"WebPage","@id":"https:\/\/www.traveltothemagic.net\/de\/disney-junior-traumfabrik-eroeffnet-im-disneyland-paris\/","url":"https:\/\/www.traveltothemagic.net\/de\/disney-junior-traumfabrik-eroeffnet-im-disneyland-paris\/","name":"Disney Junior Traumfabrik er\u00f6ffnet im Disneyland Paris - Travel to the Magic","isPartOf":{"@id":"https:\/\/www.traveltothemagic.net\/de\/#website"},"datePublished":"2021-07-01T19:00:14+00:00","dateModified":"2021-07-01T19:00:14+00:00","breadcrumb":{"@id":"https:\/\/www.traveltothemagic.net\/de\/disney-junior-traumfabrik-eroeffnet-im-disneyland-paris\/#breadcrumb"},"inLanguage":"de-DE","potentialAction":[{"@type":"ReadAction","target":["https:\/\/www.traveltothemagic.net\/de\/disney-junior-traumfabrik-eroeffnet-im-disneyland-paris\/"]}]},{"@type":"BreadcrumbList","@id":"https:\/\/www.traveltothemagic.net\/de\/disney-junior-traumfabrik-eroeffnet-im-disneyland-paris\/#breadcrumb","itemListElement":[{"@type":"ListItem","position":1,"name":"Home","item":"https:\/\/www.traveltothemagic.net\/de\/titelseite\/"},{"@type":"ListItem","position":2,"name":"Unkategorisiert","item":"https:\/\/www.traveltothemagic.net\/de\/.\/unkategorisiert\/"},{"@type":"ListItem","position":3,"name":"Disney Junior Traumfabrik er\u00f6ffnet im Disneyland Paris"}]},{"@type":"WebSite","@id":"https:\/\/www.traveltothemagic.net\/de\/#website","url":"https:\/\/www.traveltothemagic.net\/de\/","name":"Travel to the Magic","description":"Your resource for travel to Disney Parks and more","publisher":{"@id":"https:\/\/www.traveltothemagic.net\/de\/#organization"},"potentialAction":[{"@type":"SearchAction","target":{"@type":"EntryPoint","urlTemplate":"https:\/\/www.traveltothemagic.net\/de\/?s={search_term_string}"},"query-input":"required name=search_term_string"}],"inLanguage":"de-DE"},{"@type":"Organization","@id":"https:\/\/www.traveltothemagic.net\/de\/#organization","name":"Travel to the Magic","url":"https:\/\/www.traveltothemagic.net\/de\/","logo":{"@type":"ImageObject","inLanguage":"de-DE","@id":"https:\/\/www.traveltothemagic.net\/de\/#\/schema\/logo\/image\/","url":"https:\/\/www.traveltothemagic.net\/wp-content\/uploads\/2022\/05\/TTTM_Banner.png","contentUrl":"https:\/\/www.traveltothemagic.net\/wp-content\/uploads\/2022\/05\/TTTM_Banner.png","width":2400,"height":587,"caption":"Travel to the Magic"},"image":{"@id":"https:\/\/www.traveltothemagic.net\/de\/#\/schema\/logo\/image\/"},"sameAs":["https:\/\/www.facebook.com\/travelttmagic\/","https:\/\/twitter.com\/travelttmagic","https:\/\/www.instagram.com\/travelttmagic\/","https:\/\/www.youtube.com\/channel\/UCeE1x22RUo5og7XkiItPD5w"]},{"@type":"Person","@id":"https:\/\/www.traveltothemagic.net\/de\/#\/schema\/person\/c85c693e7becead8be433a4f677c5094","name":"Arvid Bux","image":{"@type":"ImageObject","inLanguage":"de-DE","@id":"https:\/\/www.traveltothemagic.net\/de\/#\/schema\/person\/image\/","url":"https:\/\/secure.gravatar.com\/avatar\/588590ee1fa85298ecdeb1c730f746bf?s=96&d=mm&r=g","contentUrl":"https:\/\/secure.gravatar.com\/avatar\/588590ee1fa85298ecdeb1c730f746bf?s=96&d=mm&r=g","caption":"Arvid Bux"},"sameAs":["https:\/\/twitter.com\/https:\/\/www.twitter.com\/arvid"],"url":"https:\/\/www.traveltothemagic.net\/de\/author\/arvidbux\/"}]}},"modified_by":null,"_links":{"self":[{"href":"https:\/\/www.traveltothemagic.net\/de\/wp-json\/wp\/v2\/posts\/40191"}],"collection":[{"href":"https:\/\/www.traveltothemagic.net\/de\/wp-json\/wp\/v2\/posts"}],"about":[{"href":"https:\/\/www.traveltothemagic.net\/de\/wp-json\/wp\/v2\/types\/post"}],"author":[{"embeddable":true,"href":"https:\/\/www.traveltothemagic.net\/de\/wp-json\/wp\/v2\/users\/1"}],"replies":[{"embeddable":true,"href":"https:\/\/www.traveltothemagic.net\/de\/wp-json\/wp\/v2\/comments?post=40191"}],"version-history":[{"count":0,"href":"https:\/\/www.traveltothemagic.net\/de\/wp-json\/wp\/v2\/posts\/40191\/revisions"}],"wp:featuredmedia":[{"embeddable":true,"href":"https:\/\/www.traveltothemagic.net\/de\/wp-json\/wp\/v2\/media\/40182"}],"wp:attachment":[{"href":"https:\/\/www.traveltothemagic.net\/de\/wp-json\/wp\/v2\/media?parent=40191"}],"wp:term":[{"taxonomy":"category","embeddable":true,"href":"https:\/\/www.traveltothemagic.net\/de\/wp-json\/wp\/v2\/categories?post=40191"},{"taxonomy":"post_tag","embeddable":true,"href":"https:\/\/www.traveltothemagic.net\/de\/wp-json\/wp\/v2\/tags?post=40191"}],"curies":[{"name":"wp","href":"https:\/\/api.w.org\/{rel}","templated":true}]}}