{"id":39588,"date":"2021-06-01T09:00:00","date_gmt":"2021-06-01T07:00:00","guid":{"rendered":"https:\/\/www.traveltothemagic.net\/?p=39588"},"modified":"2021-05-31T22:09:19","modified_gmt":"2021-05-31T20:09:19","slug":"es-war-einmal-ein-datum-1-juni-1995-space-mountain-wird-im-disneyland-paris-eroeffnet","status":"publish","type":"post","link":"https:\/\/www.traveltothemagic.net\/de\/es-war-einmal-ein-datum-1-juni-1995-space-mountain-wird-im-disneyland-paris-eroeffnet\/","title":{"rendered":"Es war einmal ein Datum: 1. Juni 1995 &#8211; Space Mountain wird im Disneyland Paris er\u00f6ffnet"},"content":{"rendered":"\n<p>Am 1. Juni, nur drei Jahre nach der Er\u00f6ffnung des Resorts, bekommt Disneyland Paris eine neue Attraktion: Space Mountain &#8211; From the Earth to the Moon. Auf Franz\u00f6sisch auch bekannt als: Space Mountain &#8211; De la Terre \u00e0 la Lune. Die Fahrt basierte lose auf dem Roman De la Terre \u00e0 la Lune von Jules Verne.<\/p>\n\n<div class=\"tb-image-slider\" data-toolset-blocks-image-slider=\"ee1f88f5d0c168a2efba4b362969fd2d\"><div class=\"tb-image-slider--carousel tb-image-slider--crop glide\" data-glide-number-slides=\"2\"><div class=\"glide__arrows\" data-glide-el=\"controls\"><button class=\"glide__arrow glide__arrow--left\" data-glide-dir=\"&lt;\"><span class=\"tb-slider-left-arrow\"><\/span><\/button><button class=\"glide__arrow glide__arrow--right\" data-glide-dir=\"&gt;\"><span class=\"tb-slider-right-arrow\"><\/span><\/button><\/div><div class=\"glide__track\" data-glide-el=\"track\"><ul class=\"glide__slides\"><li class=\"glide__slide\"><a href=\"https:\/\/www.traveltothemagic.net\/wp-content\/uploads\/2021\/05\/Disneyland-Paris-Building-Space-Mountain-1.jpeg\" data-lightbox=\"a35a96c4-6108-4428-8fee-6981bc949bda\"><img decoding=\"async\" width=\"1024\" height=\"611\" loading=\"lazy\" class=\"wp-image-39578\" src=\"https:\/\/www.traveltothemagic.net\/wp-content\/uploads\/2021\/05\/Disneyland-Paris-Building-Space-Mountain-1.jpeg\" alt=\"\" data-id=\"39576\" tabindex=\"0\" srcset=\"https:\/\/www.traveltothemagic.net\/wp-content\/uploads\/2021\/05\/Disneyland-Paris-Building-Space-Mountain-1.jpeg 1024w, https:\/\/www.traveltothemagic.net\/wp-content\/uploads\/2021\/05\/Disneyland-Paris-Building-Space-Mountain-1-300x179.jpeg 300w, https:\/\/www.traveltothemagic.net\/wp-content\/uploads\/2021\/05\/Disneyland-Paris-Building-Space-Mountain-1-768x458.jpeg 768w\" sizes=\"(max-width: 1024px) 100vw, 1024px\" \/><\/a><\/li><li class=\"glide__slide\"><a href=\"https:\/\/www.traveltothemagic.net\/wp-content\/uploads\/2021\/05\/Disneyland-Paris-Space-Mountain-Opening-Ceremony-Video.png\" data-lightbox=\"a35a96c4-6108-4428-8fee-6981bc949bda\"><img decoding=\"async\" width=\"640\" height=\"480\" loading=\"lazy\" class=\"wp-image-39575\" src=\"https:\/\/www.traveltothemagic.net\/wp-content\/uploads\/2021\/05\/Disneyland-Paris-Space-Mountain-Opening-Ceremony-Video.png\" alt=\"\" data-id=\"39573\" tabindex=\"0\" srcset=\"https:\/\/www.traveltothemagic.net\/wp-content\/uploads\/2021\/05\/Disneyland-Paris-Space-Mountain-Opening-Ceremony-Video.png 640w, https:\/\/www.traveltothemagic.net\/wp-content\/uploads\/2021\/05\/Disneyland-Paris-Space-Mountain-Opening-Ceremony-Video-300x225.png 300w, https:\/\/www.traveltothemagic.net\/wp-content\/uploads\/2021\/05\/Disneyland-Paris-Space-Mountain-Opening-Ceremony-Video-320x240.png 320w\" sizes=\"(max-width: 640px) 100vw, 640px\" \/><\/a><\/li><li class=\"glide__slide\"><a href=\"https:\/\/www.traveltothemagic.net\/wp-content\/uploads\/2021\/05\/Disneyland-Paris-Space-Mountain-Opening-Ceremony-Video-2.png\" data-lightbox=\"a35a96c4-6108-4428-8fee-6981bc949bda\"><img decoding=\"async\" width=\"640\" height=\"480\" loading=\"lazy\" class=\"wp-image-39572\" src=\"https:\/\/www.traveltothemagic.net\/wp-content\/uploads\/2021\/05\/Disneyland-Paris-Space-Mountain-Opening-Ceremony-Video-2.png\" alt=\"\" data-id=\"39570\" tabindex=\"0\" srcset=\"https:\/\/www.traveltothemagic.net\/wp-content\/uploads\/2021\/05\/Disneyland-Paris-Space-Mountain-Opening-Ceremony-Video-2.png 640w, https:\/\/www.traveltothemagic.net\/wp-content\/uploads\/2021\/05\/Disneyland-Paris-Space-Mountain-Opening-Ceremony-Video-2-300x225.png 300w, https:\/\/www.traveltothemagic.net\/wp-content\/uploads\/2021\/05\/Disneyland-Paris-Space-Mountain-Opening-Ceremony-Video-2-320x240.png 320w\" sizes=\"(max-width: 640px) 100vw, 640px\" \/><\/a><\/li><li class=\"glide__slide\"><a href=\"https:\/\/www.traveltothemagic.net\/wp-content\/uploads\/2021\/05\/Disneyland-Paris-Space-Mountain-Opening-Ceremony-Video-Buzz-Aldrin.png\" data-lightbox=\"a35a96c4-6108-4428-8fee-6981bc949bda\"><img decoding=\"async\" width=\"640\" height=\"480\" loading=\"lazy\" class=\"wp-image-39569\" src=\"https:\/\/www.traveltothemagic.net\/wp-content\/uploads\/2021\/05\/Disneyland-Paris-Space-Mountain-Opening-Ceremony-Video-Buzz-Aldrin.png\" alt=\"\" data-id=\"39567\" tabindex=\"0\" srcset=\"https:\/\/www.traveltothemagic.net\/wp-content\/uploads\/2021\/05\/Disneyland-Paris-Space-Mountain-Opening-Ceremony-Video-Buzz-Aldrin.png 640w, https:\/\/www.traveltothemagic.net\/wp-content\/uploads\/2021\/05\/Disneyland-Paris-Space-Mountain-Opening-Ceremony-Video-Buzz-Aldrin-300x225.png 300w, https:\/\/www.traveltothemagic.net\/wp-content\/uploads\/2021\/05\/Disneyland-Paris-Space-Mountain-Opening-Ceremony-Video-Buzz-Aldrin-320x240.png 320w\" sizes=\"(max-width: 640px) 100vw, 640px\" \/><\/a><\/li><li class=\"glide__slide\"><a href=\"https:\/\/www.traveltothemagic.net\/wp-content\/uploads\/2021\/05\/Disneyland-Paris-Space-Mountain-Opening-Ceremony-Video-3.png\" data-lightbox=\"a35a96c4-6108-4428-8fee-6981bc949bda\"><img decoding=\"async\" width=\"640\" height=\"480\" loading=\"lazy\" class=\"wp-image-39566\" src=\"https:\/\/www.traveltothemagic.net\/wp-content\/uploads\/2021\/05\/Disneyland-Paris-Space-Mountain-Opening-Ceremony-Video-3.png\" alt=\"\" data-id=\"39564\" tabindex=\"0\" srcset=\"https:\/\/www.traveltothemagic.net\/wp-content\/uploads\/2021\/05\/Disneyland-Paris-Space-Mountain-Opening-Ceremony-Video-3.png 640w, https:\/\/www.traveltothemagic.net\/wp-content\/uploads\/2021\/05\/Disneyland-Paris-Space-Mountain-Opening-Ceremony-Video-3-300x225.png 300w, https:\/\/www.traveltothemagic.net\/wp-content\/uploads\/2021\/05\/Disneyland-Paris-Space-Mountain-Opening-Ceremony-Video-3-320x240.png 320w\" sizes=\"(max-width: 640px) 100vw, 640px\" \/><\/a><\/li><li class=\"glide__slide\"><a href=\"https:\/\/www.traveltothemagic.net\/wp-content\/uploads\/2021\/05\/Disneyland-Paris-Space-Mountain-Opening-Ceremony-Video-4.png\" data-lightbox=\"a35a96c4-6108-4428-8fee-6981bc949bda\"><img decoding=\"async\" width=\"640\" height=\"480\" loading=\"lazy\" class=\"wp-image-39563\" src=\"https:\/\/www.traveltothemagic.net\/wp-content\/uploads\/2021\/05\/Disneyland-Paris-Space-Mountain-Opening-Ceremony-Video-4.png\" alt=\"\" data-id=\"39561\" tabindex=\"0\" srcset=\"https:\/\/www.traveltothemagic.net\/wp-content\/uploads\/2021\/05\/Disneyland-Paris-Space-Mountain-Opening-Ceremony-Video-4.png 640w, https:\/\/www.traveltothemagic.net\/wp-content\/uploads\/2021\/05\/Disneyland-Paris-Space-Mountain-Opening-Ceremony-Video-4-300x225.png 300w, https:\/\/www.traveltothemagic.net\/wp-content\/uploads\/2021\/05\/Disneyland-Paris-Space-Mountain-Opening-Ceremony-Video-4-320x240.png 320w\" sizes=\"(max-width: 640px) 100vw, 640px\" \/><\/a><\/li><\/ul><\/div><\/div><\/div>\n\n<p>Die Einweihung dieses neuen Fahrgesch\u00e4fts fand in der Nacht zum 31. Mai statt und Roy E. Disney war dabei, um die neue Attraktion zu taufen. Einer der besonderen G\u00e4ste war Astronaut Buzz Aldrin. W\u00e4hrend der Show k\u00f6nnen wir sogar eine Ballerina durch den Himmel schweben sehen, die \u00fcber Space Mountain fliegt. Einige Monate nach der Er\u00f6ffnung fand im Videopolis das Space Festival statt.  <\/p>\n\n<p>Im Resort <a href=\"https:\/\/www.traveltothemagic.net\/de\/space-mountain-von-der-erde-zu-den-sternen-im-disneyland-paris-erhaeltlich\/\">k\u00f6nnen<\/a> Fans von <a href=\"https:\/\/www.traveltothemagic.net\/de\/space-mountain-von-der-erde-zu-den-sternen-im-disneyland-paris-erhaeltlich\/\">Space Mountain nun auch das Buch zur Attraktion kaufen<\/a>, das die Entstehungsgeschichte dieser Attraktion nacherz\u00e4hlt.  <\/p>\n\n<h2 class=\"wp-block-heading\" id=\"h-relive-the-opening-ceremony\">Erleben Sie die Er\u00f6ffnungsfeier noch einmal<\/h2>\n\n<figure class=\"wp-block-embed is-type-video is-provider-youtube wp-block-embed-youtube wp-embed-aspect-4-3 wp-has-aspect-ratio\"><div class=\"wp-block-embed__wrapper\">\n<iframe title=\"Space Mountain Grand Opening 31 Mai 1995 \u00e0 Disneyland Paris\" width=\"1200\" height=\"900\" src=\"https:\/\/www.youtube.com\/embed\/dF70DggWCt4?feature=oembed\" frameborder=\"0\" allow=\"accelerometer; autoplay; clipboard-write; encrypted-media; gyroscope; picture-in-picture\" allowfullscreen><\/iframe>\n<\/div><\/figure>\n\n<h2 class=\"wp-block-heading\" id=\"h-space-mountain-tv-commercial\">Space Mountain TV-Werbung<\/h2>\n\n<p>In Europa war der folgende TV-Werbespot zu sehen, was zu viel Vorfreude bei den G\u00e4sten f\u00fchrte, die unbedingt mit dieser neuen Attraktion fahren wollten.  <\/p>\n\n<blockquote class=\"wp-block-quote\"><p>Ihr Ziel: Weltraum<\/p><p>Ihre Geschwindigkeit: Astronomisch<\/p><p>Ihre n\u00e4chste Begegnung: Asteroiden<\/p><p>Zwischen der Erde und dem Mond liegt das Abenteuer: Space Mountain. Das gr\u00f6\u00dfte Fahrgesch\u00e4ft des Universums, im Disneyland Paris.<\/p><\/blockquote>\n\n<figure class=\"wp-block-embed is-type-video is-provider-youtube wp-block-embed-youtube wp-embed-aspect-4-3 wp-has-aspect-ratio\"><div class=\"wp-block-embed__wrapper\">\n<iframe title=\"Space Mountain - Disneyland Paris Advert\" width=\"1200\" height=\"900\" src=\"https:\/\/www.youtube.com\/embed\/xlKKTSVETt0?feature=oembed\" frameborder=\"0\" allow=\"accelerometer; autoplay; clipboard-write; encrypted-media; gyroscope; picture-in-picture\" allowfullscreen><\/iframe>\n<\/div><\/figure>\n\n<h2 class=\"wp-block-heading\" id=\"h-a-conversation-with-disney-imagineers-about-space-mountain\">Ein Gespr\u00e4ch mit Disney Imagineers \u00fcber Space Mountain<\/h2>\n\n<figure class=\"wp-block-embed is-type-video is-provider-youtube wp-block-embed-youtube wp-embed-aspect-16-9 wp-has-aspect-ratio\"><div class=\"wp-block-embed__wrapper\">\n<iframe title=\"Space Mountain \u00e0 Disneyland Paris - Une discussion avec les Imagineers \ud83d\ude80\" width=\"1200\" height=\"675\" src=\"https:\/\/www.youtube.com\/embed\/k8SE-5nU-78?feature=oembed\" frameborder=\"0\" allow=\"accelerometer; autoplay; clipboard-write; encrypted-media; gyroscope; picture-in-picture; web-share\" referrerpolicy=\"strict-origin-when-cross-origin\" allowfullscreen><\/iframe>\n<\/div><\/figure>\n","protected":false},"excerpt":{"rendered":"<p>Am 1. Juni, nur drei Jahre nach der Er\u00f6ffnung des Resorts, bekommt Disneyland Paris eine neue Attraktion: Space Mountain &#8211; From the Earth to the Moon. Auf Franz\u00f6sisch auch bekannt als: Space Mountain &#8211; De la Terre \u00e0 la Lune. Die Fahrt basierte lose auf dem Roman De la Terre \u00e0 la Lune von Jules &#8230; <a title=\"Es war einmal ein Datum: 1. Juni 1995 &#8211; Space Mountain wird im Disneyland Paris er\u00f6ffnet\" class=\"read-more\" href=\"https:\/\/www.traveltothemagic.net\/de\/es-war-einmal-ein-datum-1-juni-1995-space-mountain-wird-im-disneyland-paris-eroeffnet\/\" aria-label=\"Read more about Es war einmal ein Datum: 1. Juni 1995 &#8211; Space Mountain wird im Disneyland Paris er\u00f6ffnet\">Read more<\/a><\/p>\n","protected":false},"author":1,"featured_media":39569,"comment_status":"closed","ping_status":"closed","sticky":false,"template":"","format":"standard","meta":{"_lmt_disableupdate":"","_lmt_disable":"","footnotes":""},"categories":[8690],"tags":[8756,12,13],"yoast_head":"<!-- This site is optimized with the Yoast SEO Premium plugin v20.11 (Yoast SEO v21.3) - https:\/\/yoast.com\/wordpress\/plugins\/seo\/ -->\n<title>Es war einmal ein Datum: 1. Juni 1995 - Space Mountain wird im Disneyland Paris er\u00f6ffnet - Travel to the Magic<\/title>\n<meta name=\"robots\" content=\"index, follow, max-snippet:-1, max-image-preview:large, max-video-preview:-1\" \/>\n<link rel=\"canonical\" href=\"https:\/\/www.traveltothemagic.net\/de\/es-war-einmal-ein-datum-1-juni-1995-space-mountain-wird-im-disneyland-paris-eroeffnet\/\" \/>\n<meta property=\"og:locale\" content=\"de_DE\" \/>\n<meta property=\"og:type\" content=\"article\" \/>\n<meta property=\"og:title\" content=\"Es war einmal ein Datum: 1. Juni 1995 - Space Mountain wird im Disneyland Paris er\u00f6ffnet\" \/>\n<meta property=\"og:description\" content=\"Am 1. Juni, nur drei Jahre nach der Er\u00f6ffnung des Resorts, bekommt Disneyland Paris eine neue Attraktion: Space Mountain - From the Earth to the Moon. Auf\" \/>\n<meta property=\"og:url\" content=\"https:\/\/www.traveltothemagic.net\/de\/es-war-einmal-ein-datum-1-juni-1995-space-mountain-wird-im-disneyland-paris-eroeffnet\/\" \/>\n<meta property=\"og:site_name\" content=\"Travel to the Magic\" \/>\n<meta property=\"article:publisher\" content=\"https:\/\/www.facebook.com\/travelttmagic\/\" \/>\n<meta property=\"article:published_time\" content=\"2021-06-01T07:00:00+00:00\" \/>\n<meta property=\"article:modified_time\" content=\"2021-05-31T20:09:19+00:00\" \/>\n<meta property=\"og:image\" content=\"https:\/\/www.traveltothemagic.net\/wp-content\/uploads\/2021\/05\/Disneyland-Paris-Space-Mountain-Opening-Ceremony-Video-Buzz-Aldrin.png\" \/>\n\t<meta property=\"og:image:width\" content=\"640\" \/>\n\t<meta property=\"og:image:height\" content=\"480\" \/>\n\t<meta property=\"og:image:type\" content=\"image\/png\" \/>\n<meta name=\"author\" content=\"Arvid Bux\" \/>\n<meta name=\"twitter:card\" content=\"summary_large_image\" \/>\n<meta name=\"twitter:creator\" content=\"@https:\/\/www.twitter.com\/arvid\" \/>\n<meta name=\"twitter:site\" content=\"@travelttmagic\" \/>\n<meta name=\"twitter:label1\" content=\"Verfasst von\" \/>\n\t<meta name=\"twitter:data1\" content=\"Arvid Bux\" \/>\n\t<meta name=\"twitter:label2\" content=\"Gesch\u00e4tzte Lesezeit\" \/>\n\t<meta name=\"twitter:data2\" content=\"1 Minute\" \/>\n<script type=\"application\/ld+json\" class=\"yoast-schema-graph\">{\"@context\":\"https:\/\/schema.org\",\"@graph\":[{\"@type\":\"Article\",\"@id\":\"https:\/\/www.traveltothemagic.net\/de\/es-war-einmal-ein-datum-1-juni-1995-space-mountain-wird-im-disneyland-paris-eroeffnet\/#article\",\"isPartOf\":{\"@id\":\"https:\/\/www.traveltothemagic.net\/de\/es-war-einmal-ein-datum-1-juni-1995-space-mountain-wird-im-disneyland-paris-eroeffnet\/\"},\"author\":{\"name\":\"Arvid Bux\",\"@id\":\"https:\/\/www.traveltothemagic.net\/de\/#\/schema\/person\/c85c693e7becead8be433a4f677c5094\"},\"headline\":\"Es war einmal ein Datum: 1. Juni 1995 &#8211; Space Mountain wird im Disneyland Paris er\u00f6ffnet\",\"datePublished\":\"2021-06-01T07:00:00+00:00\",\"dateModified\":\"2021-05-31T20:09:19+00:00\",\"mainEntityOfPage\":{\"@id\":\"https:\/\/www.traveltothemagic.net\/de\/es-war-einmal-ein-datum-1-juni-1995-space-mountain-wird-im-disneyland-paris-eroeffnet\/\"},\"wordCount\":260,\"publisher\":{\"@id\":\"https:\/\/www.traveltothemagic.net\/de\/#organization\"},\"keywords\":[\"Buzz Aldrin\",\"Disneyland Paris\",\"Space Mountain\"],\"articleSection\":[\"Unkategorisiert\"],\"inLanguage\":\"de-DE\"},{\"@type\":\"WebPage\",\"@id\":\"https:\/\/www.traveltothemagic.net\/de\/es-war-einmal-ein-datum-1-juni-1995-space-mountain-wird-im-disneyland-paris-eroeffnet\/\",\"url\":\"https:\/\/www.traveltothemagic.net\/de\/es-war-einmal-ein-datum-1-juni-1995-space-mountain-wird-im-disneyland-paris-eroeffnet\/\",\"name\":\"Es war einmal ein Datum: 1. Juni 1995 - Space Mountain wird im Disneyland Paris er\u00f6ffnet - Travel to the Magic\",\"isPartOf\":{\"@id\":\"https:\/\/www.traveltothemagic.net\/de\/#website\"},\"datePublished\":\"2021-06-01T07:00:00+00:00\",\"dateModified\":\"2021-05-31T20:09:19+00:00\",\"breadcrumb\":{\"@id\":\"https:\/\/www.traveltothemagic.net\/de\/es-war-einmal-ein-datum-1-juni-1995-space-mountain-wird-im-disneyland-paris-eroeffnet\/#breadcrumb\"},\"inLanguage\":\"de-DE\",\"potentialAction\":[{\"@type\":\"ReadAction\",\"target\":[\"https:\/\/www.traveltothemagic.net\/de\/es-war-einmal-ein-datum-1-juni-1995-space-mountain-wird-im-disneyland-paris-eroeffnet\/\"]}]},{\"@type\":\"BreadcrumbList\",\"@id\":\"https:\/\/www.traveltothemagic.net\/de\/es-war-einmal-ein-datum-1-juni-1995-space-mountain-wird-im-disneyland-paris-eroeffnet\/#breadcrumb\",\"itemListElement\":[{\"@type\":\"ListItem\",\"position\":1,\"name\":\"Home\",\"item\":\"https:\/\/www.traveltothemagic.net\/de\/titelseite\/\"},{\"@type\":\"ListItem\",\"position\":2,\"name\":\"Unkategorisiert\",\"item\":\"https:\/\/www.traveltothemagic.net\/de\/.\/unkategorisiert\/\"},{\"@type\":\"ListItem\",\"position\":3,\"name\":\"Es war einmal ein Datum: 1. Juni 1995 &#8211; Space Mountain wird im Disneyland Paris er\u00f6ffnet\"}]},{\"@type\":\"WebSite\",\"@id\":\"https:\/\/www.traveltothemagic.net\/de\/#website\",\"url\":\"https:\/\/www.traveltothemagic.net\/de\/\",\"name\":\"Travel to the Magic\",\"description\":\"Your resource for travel to Disney Parks and more\",\"publisher\":{\"@id\":\"https:\/\/www.traveltothemagic.net\/de\/#organization\"},\"potentialAction\":[{\"@type\":\"SearchAction\",\"target\":{\"@type\":\"EntryPoint\",\"urlTemplate\":\"https:\/\/www.traveltothemagic.net\/de\/?s={search_term_string}\"},\"query-input\":\"required name=search_term_string\"}],\"inLanguage\":\"de-DE\"},{\"@type\":\"Organization\",\"@id\":\"https:\/\/www.traveltothemagic.net\/de\/#organization\",\"name\":\"Travel to the Magic\",\"url\":\"https:\/\/www.traveltothemagic.net\/de\/\",\"logo\":{\"@type\":\"ImageObject\",\"inLanguage\":\"de-DE\",\"@id\":\"https:\/\/www.traveltothemagic.net\/de\/#\/schema\/logo\/image\/\",\"url\":\"https:\/\/www.traveltothemagic.net\/wp-content\/uploads\/2022\/05\/TTTM_Banner.png\",\"contentUrl\":\"https:\/\/www.traveltothemagic.net\/wp-content\/uploads\/2022\/05\/TTTM_Banner.png\",\"width\":2400,\"height\":587,\"caption\":\"Travel to the Magic\"},\"image\":{\"@id\":\"https:\/\/www.traveltothemagic.net\/de\/#\/schema\/logo\/image\/\"},\"sameAs\":[\"https:\/\/www.facebook.com\/travelttmagic\/\",\"https:\/\/twitter.com\/travelttmagic\",\"https:\/\/www.instagram.com\/travelttmagic\/\",\"https:\/\/www.youtube.com\/channel\/UCeE1x22RUo5og7XkiItPD5w\"]},{\"@type\":\"Person\",\"@id\":\"https:\/\/www.traveltothemagic.net\/de\/#\/schema\/person\/c85c693e7becead8be433a4f677c5094\",\"name\":\"Arvid Bux\",\"image\":{\"@type\":\"ImageObject\",\"inLanguage\":\"de-DE\",\"@id\":\"https:\/\/www.traveltothemagic.net\/de\/#\/schema\/person\/image\/\",\"url\":\"https:\/\/secure.gravatar.com\/avatar\/588590ee1fa85298ecdeb1c730f746bf?s=96&d=mm&r=g\",\"contentUrl\":\"https:\/\/secure.gravatar.com\/avatar\/588590ee1fa85298ecdeb1c730f746bf?s=96&d=mm&r=g\",\"caption\":\"Arvid Bux\"},\"sameAs\":[\"https:\/\/twitter.com\/https:\/\/www.twitter.com\/arvid\"],\"url\":\"https:\/\/www.traveltothemagic.net\/de\/author\/arvidbux\/\"}]}<\/script>\n<!-- \/ Yoast SEO Premium plugin. -->","yoast_head_json":{"title":"Es war einmal ein Datum: 1. Juni 1995 - Space Mountain wird im Disneyland Paris er\u00f6ffnet - Travel to the Magic","robots":{"index":"index","follow":"follow","max-snippet":"max-snippet:-1","max-image-preview":"max-image-preview:large","max-video-preview":"max-video-preview:-1"},"canonical":"https:\/\/www.traveltothemagic.net\/de\/es-war-einmal-ein-datum-1-juni-1995-space-mountain-wird-im-disneyland-paris-eroeffnet\/","og_locale":"de_DE","og_type":"article","og_title":"Es war einmal ein Datum: 1. Juni 1995 - Space Mountain wird im Disneyland Paris er\u00f6ffnet","og_description":"Am 1. Juni, nur drei Jahre nach der Er\u00f6ffnung des Resorts, bekommt Disneyland Paris eine neue Attraktion: Space Mountain - From the Earth to the Moon. Auf","og_url":"https:\/\/www.traveltothemagic.net\/de\/es-war-einmal-ein-datum-1-juni-1995-space-mountain-wird-im-disneyland-paris-eroeffnet\/","og_site_name":"Travel to the Magic","article_publisher":"https:\/\/www.facebook.com\/travelttmagic\/","article_published_time":"2021-06-01T07:00:00+00:00","article_modified_time":"2021-05-31T20:09:19+00:00","og_image":[{"width":640,"height":480,"url":"https:\/\/www.traveltothemagic.net\/wp-content\/uploads\/2021\/05\/Disneyland-Paris-Space-Mountain-Opening-Ceremony-Video-Buzz-Aldrin.png","type":"image\/png"}],"author":"Arvid Bux","twitter_card":"summary_large_image","twitter_creator":"@https:\/\/www.twitter.com\/arvid","twitter_site":"@travelttmagic","twitter_misc":{"Verfasst von":"Arvid Bux","Gesch\u00e4tzte Lesezeit":"1 Minute"},"schema":{"@context":"https:\/\/schema.org","@graph":[{"@type":"Article","@id":"https:\/\/www.traveltothemagic.net\/de\/es-war-einmal-ein-datum-1-juni-1995-space-mountain-wird-im-disneyland-paris-eroeffnet\/#article","isPartOf":{"@id":"https:\/\/www.traveltothemagic.net\/de\/es-war-einmal-ein-datum-1-juni-1995-space-mountain-wird-im-disneyland-paris-eroeffnet\/"},"author":{"name":"Arvid Bux","@id":"https:\/\/www.traveltothemagic.net\/de\/#\/schema\/person\/c85c693e7becead8be433a4f677c5094"},"headline":"Es war einmal ein Datum: 1. Juni 1995 &#8211; Space Mountain wird im Disneyland Paris er\u00f6ffnet","datePublished":"2021-06-01T07:00:00+00:00","dateModified":"2021-05-31T20:09:19+00:00","mainEntityOfPage":{"@id":"https:\/\/www.traveltothemagic.net\/de\/es-war-einmal-ein-datum-1-juni-1995-space-mountain-wird-im-disneyland-paris-eroeffnet\/"},"wordCount":260,"publisher":{"@id":"https:\/\/www.traveltothemagic.net\/de\/#organization"},"keywords":["Buzz Aldrin","Disneyland Paris","Space Mountain"],"articleSection":["Unkategorisiert"],"inLanguage":"de-DE"},{"@type":"WebPage","@id":"https:\/\/www.traveltothemagic.net\/de\/es-war-einmal-ein-datum-1-juni-1995-space-mountain-wird-im-disneyland-paris-eroeffnet\/","url":"https:\/\/www.traveltothemagic.net\/de\/es-war-einmal-ein-datum-1-juni-1995-space-mountain-wird-im-disneyland-paris-eroeffnet\/","name":"Es war einmal ein Datum: 1. Juni 1995 - Space Mountain wird im Disneyland Paris er\u00f6ffnet - Travel to the Magic","isPartOf":{"@id":"https:\/\/www.traveltothemagic.net\/de\/#website"},"datePublished":"2021-06-01T07:00:00+00:00","dateModified":"2021-05-31T20:09:19+00:00","breadcrumb":{"@id":"https:\/\/www.traveltothemagic.net\/de\/es-war-einmal-ein-datum-1-juni-1995-space-mountain-wird-im-disneyland-paris-eroeffnet\/#breadcrumb"},"inLanguage":"de-DE","potentialAction":[{"@type":"ReadAction","target":["https:\/\/www.traveltothemagic.net\/de\/es-war-einmal-ein-datum-1-juni-1995-space-mountain-wird-im-disneyland-paris-eroeffnet\/"]}]},{"@type":"BreadcrumbList","@id":"https:\/\/www.traveltothemagic.net\/de\/es-war-einmal-ein-datum-1-juni-1995-space-mountain-wird-im-disneyland-paris-eroeffnet\/#breadcrumb","itemListElement":[{"@type":"ListItem","position":1,"name":"Home","item":"https:\/\/www.traveltothemagic.net\/de\/titelseite\/"},{"@type":"ListItem","position":2,"name":"Unkategorisiert","item":"https:\/\/www.traveltothemagic.net\/de\/.\/unkategorisiert\/"},{"@type":"ListItem","position":3,"name":"Es war einmal ein Datum: 1. Juni 1995 &#8211; Space Mountain wird im Disneyland Paris er\u00f6ffnet"}]},{"@type":"WebSite","@id":"https:\/\/www.traveltothemagic.net\/de\/#website","url":"https:\/\/www.traveltothemagic.net\/de\/","name":"Travel to the Magic","description":"Your resource for travel to Disney Parks and more","publisher":{"@id":"https:\/\/www.traveltothemagic.net\/de\/#organization"},"potentialAction":[{"@type":"SearchAction","target":{"@type":"EntryPoint","urlTemplate":"https:\/\/www.traveltothemagic.net\/de\/?s={search_term_string}"},"query-input":"required name=search_term_string"}],"inLanguage":"de-DE"},{"@type":"Organization","@id":"https:\/\/www.traveltothemagic.net\/de\/#organization","name":"Travel to the Magic","url":"https:\/\/www.traveltothemagic.net\/de\/","logo":{"@type":"ImageObject","inLanguage":"de-DE","@id":"https:\/\/www.traveltothemagic.net\/de\/#\/schema\/logo\/image\/","url":"https:\/\/www.traveltothemagic.net\/wp-content\/uploads\/2022\/05\/TTTM_Banner.png","contentUrl":"https:\/\/www.traveltothemagic.net\/wp-content\/uploads\/2022\/05\/TTTM_Banner.png","width":2400,"height":587,"caption":"Travel to the Magic"},"image":{"@id":"https:\/\/www.traveltothemagic.net\/de\/#\/schema\/logo\/image\/"},"sameAs":["https:\/\/www.facebook.com\/travelttmagic\/","https:\/\/twitter.com\/travelttmagic","https:\/\/www.instagram.com\/travelttmagic\/","https:\/\/www.youtube.com\/channel\/UCeE1x22RUo5og7XkiItPD5w"]},{"@type":"Person","@id":"https:\/\/www.traveltothemagic.net\/de\/#\/schema\/person\/c85c693e7becead8be433a4f677c5094","name":"Arvid Bux","image":{"@type":"ImageObject","inLanguage":"de-DE","@id":"https:\/\/www.traveltothemagic.net\/de\/#\/schema\/person\/image\/","url":"https:\/\/secure.gravatar.com\/avatar\/588590ee1fa85298ecdeb1c730f746bf?s=96&d=mm&r=g","contentUrl":"https:\/\/secure.gravatar.com\/avatar\/588590ee1fa85298ecdeb1c730f746bf?s=96&d=mm&r=g","caption":"Arvid Bux"},"sameAs":["https:\/\/twitter.com\/https:\/\/www.twitter.com\/arvid"],"url":"https:\/\/www.traveltothemagic.net\/de\/author\/arvidbux\/"}]}},"modified_by":null,"_links":{"self":[{"href":"https:\/\/www.traveltothemagic.net\/de\/wp-json\/wp\/v2\/posts\/39588"}],"collection":[{"href":"https:\/\/www.traveltothemagic.net\/de\/wp-json\/wp\/v2\/posts"}],"about":[{"href":"https:\/\/www.traveltothemagic.net\/de\/wp-json\/wp\/v2\/types\/post"}],"author":[{"embeddable":true,"href":"https:\/\/www.traveltothemagic.net\/de\/wp-json\/wp\/v2\/users\/1"}],"replies":[{"embeddable":true,"href":"https:\/\/www.traveltothemagic.net\/de\/wp-json\/wp\/v2\/comments?post=39588"}],"version-history":[{"count":0,"href":"https:\/\/www.traveltothemagic.net\/de\/wp-json\/wp\/v2\/posts\/39588\/revisions"}],"wp:featuredmedia":[{"embeddable":true,"href":"https:\/\/www.traveltothemagic.net\/de\/wp-json\/wp\/v2\/media\/39569"}],"wp:attachment":[{"href":"https:\/\/www.traveltothemagic.net\/de\/wp-json\/wp\/v2\/media?parent=39588"}],"wp:term":[{"taxonomy":"category","embeddable":true,"href":"https:\/\/www.traveltothemagic.net\/de\/wp-json\/wp\/v2\/categories?post=39588"},{"taxonomy":"post_tag","embeddable":true,"href":"https:\/\/www.traveltothemagic.net\/de\/wp-json\/wp\/v2\/tags?post=39588"}],"curies":[{"name":"wp","href":"https:\/\/api.w.org\/{rel}","templated":true}]}}