{"id":39520,"date":"2021-05-30T20:56:22","date_gmt":"2021-05-30T18:56:22","guid":{"rendered":"https:\/\/www.traveltothemagic.net\/es-war-einmal-ein-datum-30-mai-1993-eroeffnung-der-attraktion-legenden-des-wilden-westens-im-disneyland-paris\/"},"modified":"2021-05-30T20:56:30","modified_gmt":"2021-05-30T18:56:30","slug":"es-war-einmal-ein-datum-30-mai-1993-eroeffnung-der-attraktion-legenden-des-wilden-westens-im-disneyland-paris","status":"publish","type":"post","link":"https:\/\/www.traveltothemagic.net\/de\/es-war-einmal-ein-datum-30-mai-1993-eroeffnung-der-attraktion-legenden-des-wilden-westens-im-disneyland-paris\/","title":{"rendered":"Es war einmal ein Datum: 30. Mai 1993 &#8211; Er\u00f6ffnung der Attraktion &#8222;Legenden des Wilden Westens&#8220; im Disneyland Paris"},"content":{"rendered":"\n<p>Heutzutage sind die W\u00e4lle von Fort Comstock daf\u00fcr bekannt, dass sie einen der atemberaubendsten Ausblicke auf Frontierland bieten. Aber wussten Sie, dass sie nicht immer f\u00fcr die \u00d6ffentlichkeit zug\u00e4nglich waren? Anfang 1993 startete der Park aufgrund des Erfolgs von Euro Disneyland ein gro\u00dfes Erweiterungsprogramm. Zu dieser Zeit erwog das Frontierland-Team, die oberen Ebenen des Forts zu \u00f6ffnen und eine &#8222;Walk-through&#8220;-Tour zu schaffen.<\/p>\n\n<figure class=\"wp-block-image size-large\"><img decoding=\"async\" width=\"1024\" height=\"650\" src=\"https:\/\/www.traveltothemagic.net\/wp-content\/uploads\/2021\/05\/Disneyland-Paris-Legends-of-the-Wild-West-04.jpg\" alt=\"\" class=\"wp-image-39512\" srcset=\"https:\/\/www.traveltothemagic.net\/wp-content\/uploads\/2021\/05\/Disneyland-Paris-Legends-of-the-Wild-West-04.jpg 1024w, https:\/\/www.traveltothemagic.net\/wp-content\/uploads\/2021\/05\/Disneyland-Paris-Legends-of-the-Wild-West-04-300x190.jpg 300w, https:\/\/www.traveltothemagic.net\/wp-content\/uploads\/2021\/05\/Disneyland-Paris-Legends-of-the-Wild-West-04-768x488.jpg 768w\" sizes=\"(max-width: 1024px) 100vw, 1024px\" \/><\/figure>\n<p>Unter der Leitung von Imagineer Jeff Burke wurde eine Reihe von Konzepten von Illustrator Fernando Tenedora erstellt, der f\u00fcr seine gro\u00dfartigen Phantom Manor-Zeichnungen bekannt ist. Jeder von ihnen repr\u00e4sentierte legend\u00e4re Figuren des Westens, die ihrem t\u00e4glichen Leben nachgingen: Sch\u00fcrfer, Gesetzlose, Gesetzesh\u00fcter, Schausteller (Buffalo Bill) und Grenzg\u00e4nger (Davy Crockett).<\/p>\n\n<figure class=\"wp-block-gallery alignwide columns-2 is-cropped wp-block-gallery-1 is-layout-flex wp-block-gallery-is-layout-flex\"><ul class=\"blocks-gallery-grid\"><li class=\"blocks-gallery-item\"><figure><img decoding=\"async\" width=\"2041\" height=\"1387\" src=\"https:\/\/www.traveltothemagic.net\/wp-content\/uploads\/2021\/05\/Disneyland-Paris-Legends-of-the-Wild-West-03.jpg\" alt=\"\" data-id=\"39507\" data-full-url=\"https:\/\/www.traveltothemagic.net\/wp-content\/uploads\/2021\/05\/Disneyland-Paris-Legends-of-the-Wild-West-03.jpg\" data-link=\"https:\/\/www.traveltothemagic.net\/disneyland-paris-legends-of-the-wild-west-03\/\" class=\"wp-image-39509\" srcset=\"https:\/\/www.traveltothemagic.net\/wp-content\/uploads\/2021\/05\/Disneyland-Paris-Legends-of-the-Wild-West-03.jpg 2041w, https:\/\/www.traveltothemagic.net\/wp-content\/uploads\/2021\/05\/Disneyland-Paris-Legends-of-the-Wild-West-03-300x204.jpg 300w, https:\/\/www.traveltothemagic.net\/wp-content\/uploads\/2021\/05\/Disneyland-Paris-Legends-of-the-Wild-West-03-768x522.jpg 768w, https:\/\/www.traveltothemagic.net\/wp-content\/uploads\/2021\/05\/Disneyland-Paris-Legends-of-the-Wild-West-03-1536x1044.jpg 1536w\" sizes=\"(max-width: 2041px) 100vw, 2041px\" \/><\/figure><\/li><li class=\"blocks-gallery-item\"><figure><img decoding=\"async\" width=\"2047\" height=\"1387\" src=\"https:\/\/www.traveltothemagic.net\/wp-content\/uploads\/2021\/05\/Disneyland-Paris-Legends-of-the-Wild-West-02.jpg\" alt=\"\" data-id=\"39513\" data-full-url=\"https:\/\/www.traveltothemagic.net\/wp-content\/uploads\/2021\/05\/Disneyland-Paris-Legends-of-the-Wild-West-02.jpg\" data-link=\"https:\/\/www.traveltothemagic.net\/disneyland-paris-legends-of-the-wild-west-02\/\" class=\"wp-image-39515\" srcset=\"https:\/\/www.traveltothemagic.net\/wp-content\/uploads\/2021\/05\/Disneyland-Paris-Legends-of-the-Wild-West-02.jpg 2047w, https:\/\/www.traveltothemagic.net\/wp-content\/uploads\/2021\/05\/Disneyland-Paris-Legends-of-the-Wild-West-02-300x203.jpg 300w, https:\/\/www.traveltothemagic.net\/wp-content\/uploads\/2021\/05\/Disneyland-Paris-Legends-of-the-Wild-West-02-768x520.jpg 768w, https:\/\/www.traveltothemagic.net\/wp-content\/uploads\/2021\/05\/Disneyland-Paris-Legends-of-the-Wild-West-02-1536x1041.jpg 1536w\" sizes=\"(max-width: 2047px) 100vw, 2047px\" \/><\/figure><\/li><\/ul><\/figure>\n<p>Um der Authentizit\u00e4t willen recherchierten die Imagineers auch im Buffalo Bill Historical Center, in der Denver Public Library, im Circus World Museum, in der United States Military Academy und bei Culver Pictures Inc. Sie wollten sicherstellen, dass jede Szene aus historischer Sicht vollst\u00e4ndig dokumentiert ist, was durch die vielen Requisiten und Versatzst\u00fccke der Attraktion deutlich wird.<\/p>\n\n<figure class=\"wp-block-image size-large\"><img decoding=\"async\" width=\"2034\" height=\"1351\" src=\"https:\/\/www.traveltothemagic.net\/wp-content\/uploads\/2021\/05\/Disneyland-Paris-Legends-of-the-Wild-West-01.jpg\" alt=\"\" class=\"wp-image-39506\" srcset=\"https:\/\/www.traveltothemagic.net\/wp-content\/uploads\/2021\/05\/Disneyland-Paris-Legends-of-the-Wild-West-01.jpg 2034w, https:\/\/www.traveltothemagic.net\/wp-content\/uploads\/2021\/05\/Disneyland-Paris-Legends-of-the-Wild-West-01-300x199.jpg 300w, https:\/\/www.traveltothemagic.net\/wp-content\/uploads\/2021\/05\/Disneyland-Paris-Legends-of-the-Wild-West-01-768x510.jpg 768w, https:\/\/www.traveltothemagic.net\/wp-content\/uploads\/2021\/05\/Disneyland-Paris-Legends-of-the-Wild-West-01-1536x1020.jpg 1536w\" sizes=\"(max-width: 2034px) 100vw, 2034px\" \/><\/figure>\n<p>Die akribisch nachgestellten Szenen in Legends of the Wild West bieten eine ideale M\u00f6glichkeit, den Lebensstil der amerikanischen Pioniere zu erleben und in die Geschichte und den Geist von Thunder Mesa einzutauchen.<\/p>\n","protected":false},"excerpt":{"rendered":"<p>Heutzutage sind die W\u00e4lle von Fort Comstock daf\u00fcr bekannt, dass sie einen der atemberaubendsten Ausblicke auf Frontierland bieten. Aber wussten Sie, dass sie nicht immer f\u00fcr die \u00d6ffentlichkeit zug\u00e4nglich waren? Anfang 1993 startete der Park aufgrund des Erfolgs von Euro Disneyland ein gro\u00dfes Erweiterungsprogramm. Zu dieser Zeit erwog das Frontierland-Team, die oberen Ebenen des Forts &#8230; <a title=\"Es war einmal ein Datum: 30. Mai 1993 &#8211; Er\u00f6ffnung der Attraktion &#8222;Legenden des Wilden Westens&#8220; im Disneyland Paris\" class=\"read-more\" href=\"https:\/\/www.traveltothemagic.net\/de\/es-war-einmal-ein-datum-30-mai-1993-eroeffnung-der-attraktion-legenden-des-wilden-westens-im-disneyland-paris\/\" aria-label=\"Read more about Es war einmal ein Datum: 30. Mai 1993 &#8211; Er\u00f6ffnung der Attraktion &#8222;Legenden des Wilden Westens&#8220; im Disneyland Paris\">Read more<\/a><\/p>\n","protected":false},"author":1,"featured_media":39512,"comment_status":"closed","ping_status":"closed","sticky":false,"template":"","format":"standard","meta":{"_lmt_disableupdate":"","_lmt_disable":"","footnotes":""},"categories":[8690],"tags":[12,3221,8752],"yoast_head":"<!-- This site is optimized with the Yoast SEO Premium plugin v20.11 (Yoast SEO v21.3) - https:\/\/yoast.com\/wordpress\/plugins\/seo\/ -->\n<title>Es war einmal ein Datum: 30. Mai 1993 - Er\u00f6ffnung der Attraktion &quot;Legenden des Wilden Westens&quot; im Disneyland Paris - Travel to the Magic<\/title>\n<meta name=\"robots\" content=\"index, follow, max-snippet:-1, max-image-preview:large, max-video-preview:-1\" \/>\n<link rel=\"canonical\" href=\"https:\/\/www.traveltothemagic.net\/de\/es-war-einmal-ein-datum-30-mai-1993-eroeffnung-der-attraktion-legenden-des-wilden-westens-im-disneyland-paris\/\" \/>\n<meta property=\"og:locale\" content=\"de_DE\" \/>\n<meta property=\"og:type\" content=\"article\" \/>\n<meta property=\"og:title\" content=\"Es war einmal ein Datum: 30. Mai 1993 - Er\u00f6ffnung der Attraktion &quot;Legenden des Wilden Westens&quot; im Disneyland Paris\" \/>\n<meta property=\"og:description\" content=\"Heutzutage sind die W\u00e4lle von Fort Comstock daf\u00fcr bekannt, dass sie einen der atemberaubendsten Ausblicke auf Frontierland bieten. Aber wussten Sie, dass\" \/>\n<meta property=\"og:url\" content=\"https:\/\/www.traveltothemagic.net\/de\/es-war-einmal-ein-datum-30-mai-1993-eroeffnung-der-attraktion-legenden-des-wilden-westens-im-disneyland-paris\/\" \/>\n<meta property=\"og:site_name\" content=\"Travel to the Magic\" \/>\n<meta property=\"article:publisher\" content=\"https:\/\/www.facebook.com\/travelttmagic\/\" \/>\n<meta property=\"article:published_time\" content=\"2021-05-30T18:56:22+00:00\" \/>\n<meta property=\"article:modified_time\" content=\"2021-05-30T18:56:30+00:00\" \/>\n<meta property=\"og:image\" content=\"https:\/\/www.traveltothemagic.net\/wp-content\/uploads\/2021\/05\/Disneyland-Paris-Legends-of-the-Wild-West-04.jpg\" \/>\n\t<meta property=\"og:image:width\" content=\"1024\" \/>\n\t<meta property=\"og:image:height\" content=\"650\" \/>\n\t<meta property=\"og:image:type\" content=\"image\/jpeg\" \/>\n<meta name=\"author\" content=\"Arvid Bux\" \/>\n<meta name=\"twitter:card\" content=\"summary_large_image\" \/>\n<meta name=\"twitter:creator\" content=\"@https:\/\/www.twitter.com\/arvid\" \/>\n<meta name=\"twitter:site\" content=\"@travelttmagic\" \/>\n<meta name=\"twitter:label1\" content=\"Verfasst von\" \/>\n\t<meta name=\"twitter:data1\" content=\"Arvid Bux\" \/>\n\t<meta name=\"twitter:label2\" content=\"Gesch\u00e4tzte Lesezeit\" \/>\n\t<meta name=\"twitter:data2\" content=\"1 Minute\" \/>\n<script type=\"application\/ld+json\" class=\"yoast-schema-graph\">{\"@context\":\"https:\/\/schema.org\",\"@graph\":[{\"@type\":\"Article\",\"@id\":\"https:\/\/www.traveltothemagic.net\/de\/es-war-einmal-ein-datum-30-mai-1993-eroeffnung-der-attraktion-legenden-des-wilden-westens-im-disneyland-paris\/#article\",\"isPartOf\":{\"@id\":\"https:\/\/www.traveltothemagic.net\/de\/es-war-einmal-ein-datum-30-mai-1993-eroeffnung-der-attraktion-legenden-des-wilden-westens-im-disneyland-paris\/\"},\"author\":{\"name\":\"Arvid Bux\",\"@id\":\"https:\/\/www.traveltothemagic.net\/de\/#\/schema\/person\/c85c693e7becead8be433a4f677c5094\"},\"headline\":\"Es war einmal ein Datum: 30. Mai 1993 &#8211; Er\u00f6ffnung der Attraktion &#8222;Legenden des Wilden Westens&#8220; im Disneyland Paris\",\"datePublished\":\"2021-05-30T18:56:22+00:00\",\"dateModified\":\"2021-05-30T18:56:30+00:00\",\"mainEntityOfPage\":{\"@id\":\"https:\/\/www.traveltothemagic.net\/de\/es-war-einmal-ein-datum-30-mai-1993-eroeffnung-der-attraktion-legenden-des-wilden-westens-im-disneyland-paris\/\"},\"wordCount\":233,\"publisher\":{\"@id\":\"https:\/\/www.traveltothemagic.net\/de\/#organization\"},\"keywords\":[\"Disneyland Paris\",\"Frontierland\",\"Legends of the Wild West\"],\"articleSection\":[\"Unkategorisiert\"],\"inLanguage\":\"de-DE\"},{\"@type\":\"WebPage\",\"@id\":\"https:\/\/www.traveltothemagic.net\/de\/es-war-einmal-ein-datum-30-mai-1993-eroeffnung-der-attraktion-legenden-des-wilden-westens-im-disneyland-paris\/\",\"url\":\"https:\/\/www.traveltothemagic.net\/de\/es-war-einmal-ein-datum-30-mai-1993-eroeffnung-der-attraktion-legenden-des-wilden-westens-im-disneyland-paris\/\",\"name\":\"Es war einmal ein Datum: 30. Mai 1993 - Er\u00f6ffnung der Attraktion \\\"Legenden des Wilden Westens\\\" im Disneyland Paris - Travel to the Magic\",\"isPartOf\":{\"@id\":\"https:\/\/www.traveltothemagic.net\/de\/#website\"},\"datePublished\":\"2021-05-30T18:56:22+00:00\",\"dateModified\":\"2021-05-30T18:56:30+00:00\",\"breadcrumb\":{\"@id\":\"https:\/\/www.traveltothemagic.net\/de\/es-war-einmal-ein-datum-30-mai-1993-eroeffnung-der-attraktion-legenden-des-wilden-westens-im-disneyland-paris\/#breadcrumb\"},\"inLanguage\":\"de-DE\",\"potentialAction\":[{\"@type\":\"ReadAction\",\"target\":[\"https:\/\/www.traveltothemagic.net\/de\/es-war-einmal-ein-datum-30-mai-1993-eroeffnung-der-attraktion-legenden-des-wilden-westens-im-disneyland-paris\/\"]}]},{\"@type\":\"BreadcrumbList\",\"@id\":\"https:\/\/www.traveltothemagic.net\/de\/es-war-einmal-ein-datum-30-mai-1993-eroeffnung-der-attraktion-legenden-des-wilden-westens-im-disneyland-paris\/#breadcrumb\",\"itemListElement\":[{\"@type\":\"ListItem\",\"position\":1,\"name\":\"Home\",\"item\":\"https:\/\/www.traveltothemagic.net\/de\/titelseite\/\"},{\"@type\":\"ListItem\",\"position\":2,\"name\":\"Unkategorisiert\",\"item\":\"https:\/\/www.traveltothemagic.net\/de\/.\/unkategorisiert\/\"},{\"@type\":\"ListItem\",\"position\":3,\"name\":\"Es war einmal ein Datum: 30. Mai 1993 &#8211; Er\u00f6ffnung der Attraktion &#8220;Legenden des Wilden Westens&#8221; im Disneyland Paris\"}]},{\"@type\":\"WebSite\",\"@id\":\"https:\/\/www.traveltothemagic.net\/de\/#website\",\"url\":\"https:\/\/www.traveltothemagic.net\/de\/\",\"name\":\"Travel to the Magic\",\"description\":\"Your resource for travel to Disney Parks and more\",\"publisher\":{\"@id\":\"https:\/\/www.traveltothemagic.net\/de\/#organization\"},\"potentialAction\":[{\"@type\":\"SearchAction\",\"target\":{\"@type\":\"EntryPoint\",\"urlTemplate\":\"https:\/\/www.traveltothemagic.net\/de\/?s={search_term_string}\"},\"query-input\":\"required name=search_term_string\"}],\"inLanguage\":\"de-DE\"},{\"@type\":\"Organization\",\"@id\":\"https:\/\/www.traveltothemagic.net\/de\/#organization\",\"name\":\"Travel to the Magic\",\"url\":\"https:\/\/www.traveltothemagic.net\/de\/\",\"logo\":{\"@type\":\"ImageObject\",\"inLanguage\":\"de-DE\",\"@id\":\"https:\/\/www.traveltothemagic.net\/de\/#\/schema\/logo\/image\/\",\"url\":\"https:\/\/www.traveltothemagic.net\/wp-content\/uploads\/2022\/05\/TTTM_Banner.png\",\"contentUrl\":\"https:\/\/www.traveltothemagic.net\/wp-content\/uploads\/2022\/05\/TTTM_Banner.png\",\"width\":2400,\"height\":587,\"caption\":\"Travel to the Magic\"},\"image\":{\"@id\":\"https:\/\/www.traveltothemagic.net\/de\/#\/schema\/logo\/image\/\"},\"sameAs\":[\"https:\/\/www.facebook.com\/travelttmagic\/\",\"https:\/\/twitter.com\/travelttmagic\",\"https:\/\/www.instagram.com\/travelttmagic\/\",\"https:\/\/www.youtube.com\/channel\/UCeE1x22RUo5og7XkiItPD5w\"]},{\"@type\":\"Person\",\"@id\":\"https:\/\/www.traveltothemagic.net\/de\/#\/schema\/person\/c85c693e7becead8be433a4f677c5094\",\"name\":\"Arvid Bux\",\"image\":{\"@type\":\"ImageObject\",\"inLanguage\":\"de-DE\",\"@id\":\"https:\/\/www.traveltothemagic.net\/de\/#\/schema\/person\/image\/\",\"url\":\"https:\/\/secure.gravatar.com\/avatar\/588590ee1fa85298ecdeb1c730f746bf?s=96&d=mm&r=g\",\"contentUrl\":\"https:\/\/secure.gravatar.com\/avatar\/588590ee1fa85298ecdeb1c730f746bf?s=96&d=mm&r=g\",\"caption\":\"Arvid Bux\"},\"sameAs\":[\"https:\/\/twitter.com\/https:\/\/www.twitter.com\/arvid\"],\"url\":\"https:\/\/www.traveltothemagic.net\/de\/author\/arvidbux\/\"}]}<\/script>\n<!-- \/ Yoast SEO Premium plugin. -->","yoast_head_json":{"title":"Es war einmal ein Datum: 30. Mai 1993 - Er\u00f6ffnung der Attraktion \"Legenden des Wilden Westens\" im Disneyland Paris - Travel to the Magic","robots":{"index":"index","follow":"follow","max-snippet":"max-snippet:-1","max-image-preview":"max-image-preview:large","max-video-preview":"max-video-preview:-1"},"canonical":"https:\/\/www.traveltothemagic.net\/de\/es-war-einmal-ein-datum-30-mai-1993-eroeffnung-der-attraktion-legenden-des-wilden-westens-im-disneyland-paris\/","og_locale":"de_DE","og_type":"article","og_title":"Es war einmal ein Datum: 30. Mai 1993 - Er\u00f6ffnung der Attraktion \"Legenden des Wilden Westens\" im Disneyland Paris","og_description":"Heutzutage sind die W\u00e4lle von Fort Comstock daf\u00fcr bekannt, dass sie einen der atemberaubendsten Ausblicke auf Frontierland bieten. Aber wussten Sie, dass","og_url":"https:\/\/www.traveltothemagic.net\/de\/es-war-einmal-ein-datum-30-mai-1993-eroeffnung-der-attraktion-legenden-des-wilden-westens-im-disneyland-paris\/","og_site_name":"Travel to the Magic","article_publisher":"https:\/\/www.facebook.com\/travelttmagic\/","article_published_time":"2021-05-30T18:56:22+00:00","article_modified_time":"2021-05-30T18:56:30+00:00","og_image":[{"width":1024,"height":650,"url":"https:\/\/www.traveltothemagic.net\/wp-content\/uploads\/2021\/05\/Disneyland-Paris-Legends-of-the-Wild-West-04.jpg","type":"image\/jpeg"}],"author":"Arvid Bux","twitter_card":"summary_large_image","twitter_creator":"@https:\/\/www.twitter.com\/arvid","twitter_site":"@travelttmagic","twitter_misc":{"Verfasst von":"Arvid Bux","Gesch\u00e4tzte Lesezeit":"1 Minute"},"schema":{"@context":"https:\/\/schema.org","@graph":[{"@type":"Article","@id":"https:\/\/www.traveltothemagic.net\/de\/es-war-einmal-ein-datum-30-mai-1993-eroeffnung-der-attraktion-legenden-des-wilden-westens-im-disneyland-paris\/#article","isPartOf":{"@id":"https:\/\/www.traveltothemagic.net\/de\/es-war-einmal-ein-datum-30-mai-1993-eroeffnung-der-attraktion-legenden-des-wilden-westens-im-disneyland-paris\/"},"author":{"name":"Arvid Bux","@id":"https:\/\/www.traveltothemagic.net\/de\/#\/schema\/person\/c85c693e7becead8be433a4f677c5094"},"headline":"Es war einmal ein Datum: 30. Mai 1993 &#8211; Er\u00f6ffnung der Attraktion &#8222;Legenden des Wilden Westens&#8220; im Disneyland Paris","datePublished":"2021-05-30T18:56:22+00:00","dateModified":"2021-05-30T18:56:30+00:00","mainEntityOfPage":{"@id":"https:\/\/www.traveltothemagic.net\/de\/es-war-einmal-ein-datum-30-mai-1993-eroeffnung-der-attraktion-legenden-des-wilden-westens-im-disneyland-paris\/"},"wordCount":233,"publisher":{"@id":"https:\/\/www.traveltothemagic.net\/de\/#organization"},"keywords":["Disneyland Paris","Frontierland","Legends of the Wild West"],"articleSection":["Unkategorisiert"],"inLanguage":"de-DE"},{"@type":"WebPage","@id":"https:\/\/www.traveltothemagic.net\/de\/es-war-einmal-ein-datum-30-mai-1993-eroeffnung-der-attraktion-legenden-des-wilden-westens-im-disneyland-paris\/","url":"https:\/\/www.traveltothemagic.net\/de\/es-war-einmal-ein-datum-30-mai-1993-eroeffnung-der-attraktion-legenden-des-wilden-westens-im-disneyland-paris\/","name":"Es war einmal ein Datum: 30. Mai 1993 - Er\u00f6ffnung der Attraktion \"Legenden des Wilden Westens\" im Disneyland Paris - Travel to the Magic","isPartOf":{"@id":"https:\/\/www.traveltothemagic.net\/de\/#website"},"datePublished":"2021-05-30T18:56:22+00:00","dateModified":"2021-05-30T18:56:30+00:00","breadcrumb":{"@id":"https:\/\/www.traveltothemagic.net\/de\/es-war-einmal-ein-datum-30-mai-1993-eroeffnung-der-attraktion-legenden-des-wilden-westens-im-disneyland-paris\/#breadcrumb"},"inLanguage":"de-DE","potentialAction":[{"@type":"ReadAction","target":["https:\/\/www.traveltothemagic.net\/de\/es-war-einmal-ein-datum-30-mai-1993-eroeffnung-der-attraktion-legenden-des-wilden-westens-im-disneyland-paris\/"]}]},{"@type":"BreadcrumbList","@id":"https:\/\/www.traveltothemagic.net\/de\/es-war-einmal-ein-datum-30-mai-1993-eroeffnung-der-attraktion-legenden-des-wilden-westens-im-disneyland-paris\/#breadcrumb","itemListElement":[{"@type":"ListItem","position":1,"name":"Home","item":"https:\/\/www.traveltothemagic.net\/de\/titelseite\/"},{"@type":"ListItem","position":2,"name":"Unkategorisiert","item":"https:\/\/www.traveltothemagic.net\/de\/.\/unkategorisiert\/"},{"@type":"ListItem","position":3,"name":"Es war einmal ein Datum: 30. Mai 1993 &#8211; Er\u00f6ffnung der Attraktion &#8220;Legenden des Wilden Westens&#8221; im Disneyland Paris"}]},{"@type":"WebSite","@id":"https:\/\/www.traveltothemagic.net\/de\/#website","url":"https:\/\/www.traveltothemagic.net\/de\/","name":"Travel to the Magic","description":"Your resource for travel to Disney Parks and more","publisher":{"@id":"https:\/\/www.traveltothemagic.net\/de\/#organization"},"potentialAction":[{"@type":"SearchAction","target":{"@type":"EntryPoint","urlTemplate":"https:\/\/www.traveltothemagic.net\/de\/?s={search_term_string}"},"query-input":"required name=search_term_string"}],"inLanguage":"de-DE"},{"@type":"Organization","@id":"https:\/\/www.traveltothemagic.net\/de\/#organization","name":"Travel to the Magic","url":"https:\/\/www.traveltothemagic.net\/de\/","logo":{"@type":"ImageObject","inLanguage":"de-DE","@id":"https:\/\/www.traveltothemagic.net\/de\/#\/schema\/logo\/image\/","url":"https:\/\/www.traveltothemagic.net\/wp-content\/uploads\/2022\/05\/TTTM_Banner.png","contentUrl":"https:\/\/www.traveltothemagic.net\/wp-content\/uploads\/2022\/05\/TTTM_Banner.png","width":2400,"height":587,"caption":"Travel to the Magic"},"image":{"@id":"https:\/\/www.traveltothemagic.net\/de\/#\/schema\/logo\/image\/"},"sameAs":["https:\/\/www.facebook.com\/travelttmagic\/","https:\/\/twitter.com\/travelttmagic","https:\/\/www.instagram.com\/travelttmagic\/","https:\/\/www.youtube.com\/channel\/UCeE1x22RUo5og7XkiItPD5w"]},{"@type":"Person","@id":"https:\/\/www.traveltothemagic.net\/de\/#\/schema\/person\/c85c693e7becead8be433a4f677c5094","name":"Arvid Bux","image":{"@type":"ImageObject","inLanguage":"de-DE","@id":"https:\/\/www.traveltothemagic.net\/de\/#\/schema\/person\/image\/","url":"https:\/\/secure.gravatar.com\/avatar\/588590ee1fa85298ecdeb1c730f746bf?s=96&d=mm&r=g","contentUrl":"https:\/\/secure.gravatar.com\/avatar\/588590ee1fa85298ecdeb1c730f746bf?s=96&d=mm&r=g","caption":"Arvid Bux"},"sameAs":["https:\/\/twitter.com\/https:\/\/www.twitter.com\/arvid"],"url":"https:\/\/www.traveltothemagic.net\/de\/author\/arvidbux\/"}]}},"modified_by":null,"_links":{"self":[{"href":"https:\/\/www.traveltothemagic.net\/de\/wp-json\/wp\/v2\/posts\/39520"}],"collection":[{"href":"https:\/\/www.traveltothemagic.net\/de\/wp-json\/wp\/v2\/posts"}],"about":[{"href":"https:\/\/www.traveltothemagic.net\/de\/wp-json\/wp\/v2\/types\/post"}],"author":[{"embeddable":true,"href":"https:\/\/www.traveltothemagic.net\/de\/wp-json\/wp\/v2\/users\/1"}],"replies":[{"embeddable":true,"href":"https:\/\/www.traveltothemagic.net\/de\/wp-json\/wp\/v2\/comments?post=39520"}],"version-history":[{"count":0,"href":"https:\/\/www.traveltothemagic.net\/de\/wp-json\/wp\/v2\/posts\/39520\/revisions"}],"wp:featuredmedia":[{"embeddable":true,"href":"https:\/\/www.traveltothemagic.net\/de\/wp-json\/wp\/v2\/media\/39512"}],"wp:attachment":[{"href":"https:\/\/www.traveltothemagic.net\/de\/wp-json\/wp\/v2\/media?parent=39520"}],"wp:term":[{"taxonomy":"category","embeddable":true,"href":"https:\/\/www.traveltothemagic.net\/de\/wp-json\/wp\/v2\/categories?post=39520"},{"taxonomy":"post_tag","embeddable":true,"href":"https:\/\/www.traveltothemagic.net\/de\/wp-json\/wp\/v2\/tags?post=39520"}],"curies":[{"name":"wp","href":"https:\/\/api.w.org\/{rel}","templated":true}]}}