{"id":105693,"date":"2023-04-10T16:54:52","date_gmt":"2023-04-10T14:54:52","guid":{"rendered":"https:\/\/www.traveltothemagic.net\/rogers-das-musical-kommt-am-30-juni-ins-hyperion-theater\/"},"modified":"2023-07-19T23:40:34","modified_gmt":"2023-07-19T21:40:34","slug":"rogers-das-musical-kommt-am-30-juni-ins-hyperion-theater","status":"publish","type":"post","link":"https:\/\/www.traveltothemagic.net\/de\/rogers-das-musical-kommt-am-30-juni-ins-hyperion-theater\/","title":{"rendered":"&#8222;Rogers: Das Musical&#8220; kommt am 30. Juni ins Hyperion Theater"},"content":{"rendered":"<p>&#8222;Rogers: The Musical&#8220; wird ab dem 30. Juni im Hyperion Theater im Disney California Adventure Park zu sehen sein! Diese brandneue Einakter-Produktion erz\u00e4hlt die Geschichte von Steve Rogers, von seinen Anf\u00e4ngen w\u00e4hrend des Weltkriegs bis hin zu Captain America, der die Avengers anf\u00fchrt und dar\u00fcber hinaus.<\/p>\n<p><img decoding=\"async\" class=\"alignnone size-full wp-image-104606\" src=\"https:\/\/www.traveltothemagic.net\/wp-content\/uploads\/2023\/04\/Disneyland-Resort-Rogers-the-Musical.jpg\" alt=\"\" width=\"1080\" height=\"607\" srcset=\"https:\/\/www.traveltothemagic.net\/wp-content\/uploads\/2023\/04\/Disneyland-Resort-Rogers-the-Musical.jpg 1080w, https:\/\/www.traveltothemagic.net\/wp-content\/uploads\/2023\/04\/Disneyland-Resort-Rogers-the-Musical-300x169.jpg 300w, https:\/\/www.traveltothemagic.net\/wp-content\/uploads\/2023\/04\/Disneyland-Resort-Rogers-the-Musical-768x432.jpg 768w\" sizes=\"(max-width: 1080px) 100vw, 1080px\" \/><br \/>\nIn dieser Produktion erz\u00e4hlt eine talentierte Besetzung aus S\u00e4ngern und T\u00e4nzern die Geschichte von Steve Rogers &#8211; Captain America &#8211; zusammen mit Peggy Carter, Nick Fury und ausgew\u00e4hlten Mitgliedern der Avengers. Das Musical nimmt das Publikum mit auf eine Reise von Steves bescheidenen Anf\u00e4ngen w\u00e4hrend des Zweiten Weltkriegs bis hin zu Captain America, dem Anf\u00fchrer der Avengers und dar\u00fcber hinaus. Es ist eine klassische Geschichte \u00fcber Helden, Zeitreisen und Romantik, oh &#8230; und Nick Fury singt!<\/p>\n<p>Die Show wird von Musik angetrieben, darunter &#8222;Save the City&#8220; aus der Disney+ Serie &#8222;Hawkeye&#8220;, &#8222;Star Spangled Man&#8220; aus dem Film &#8222;Captain America&#8220;: The First Avenger&#8220; sowie f\u00fcnf neue Songs, die eigens f\u00fcr &#8222;Rogers: The Musical&#8220; im Disneyland Resort geschrieben wurden.<\/p>\n<p>&#8222;Rogers: The Musical&#8220; l\u00e4uft in den meisten Wochen von Dienstag bis Samstag etwa 30 Minuten. Weitere Details wie Vorstellungsdaten und -zeiten sowie Neuigkeiten \u00fcber das Merchandising und das Angebot an Speisen und Getr\u00e4nken rund um &#8222;Rogers: The Musical&#8220; werden bekannt gegeben, sobald der Er\u00f6ffnungstag n\u00e4her r\u00fcckt.<\/p>\n<p><img decoding=\"async\" class=\"alignnone size-full wp-image-104613\" src=\"https:\/\/www.traveltothemagic.net\/wp-content\/uploads\/2023\/04\/Disneyland-Resort-Rogers-the-Musical-Logo.jpg\" alt=\"\" width=\"1080\" height=\"607\" srcset=\"https:\/\/www.traveltothemagic.net\/wp-content\/uploads\/2023\/04\/Disneyland-Resort-Rogers-the-Musical-Logo.jpg 1080w, https:\/\/www.traveltothemagic.net\/wp-content\/uploads\/2023\/04\/Disneyland-Resort-Rogers-the-Musical-Logo-300x169.jpg 300w, https:\/\/www.traveltothemagic.net\/wp-content\/uploads\/2023\/04\/Disneyland-Resort-Rogers-the-Musical-Logo-768x432.jpg 768w\" sizes=\"(max-width: 1080px) 100vw, 1080px\" \/><\/p>\n<p>&nbsp;<\/p>\n<p>&nbsp;<\/p>\n<p>&nbsp;<\/p>\n","protected":false},"excerpt":{"rendered":"<p>&#8222;Rogers: The Musical&#8220; wird ab dem 30. Juni im Hyperion Theater im Disney California Adventure Park zu sehen sein! Diese brandneue Einakter-Produktion erz\u00e4hlt die Geschichte von Steve Rogers, von seinen Anf\u00e4ngen w\u00e4hrend des Weltkriegs bis hin zu Captain America, der die Avengers anf\u00fchrt und dar\u00fcber hinaus. In dieser Produktion erz\u00e4hlt eine talentierte Besetzung aus S\u00e4ngern &#8230; <a title=\"&#8222;Rogers: Das Musical&#8220; kommt am 30. Juni ins Hyperion Theater\" class=\"read-more\" href=\"https:\/\/www.traveltothemagic.net\/de\/rogers-das-musical-kommt-am-30-juni-ins-hyperion-theater\/\" aria-label=\"Read more about &#8222;Rogers: Das Musical&#8220; kommt am 30. Juni ins Hyperion Theater\">Read more<\/a><\/p>\n","protected":false},"author":1,"featured_media":104609,"comment_status":"closed","ping_status":"closed","sticky":false,"template":"","format":"standard","meta":{"_lmt_disableupdate":"","_lmt_disable":"","footnotes":""},"categories":[1],"tags":[],"yoast_head":"<!-- This site is optimized with the Yoast SEO Premium plugin v20.11 (Yoast SEO v21.3) - https:\/\/yoast.com\/wordpress\/plugins\/seo\/ -->\n<title>&quot;Rogers: Das Musical&quot; kommt am 30. Juni ins Hyperion Theater - Travel to the Magic<\/title>\n<meta name=\"robots\" content=\"index, follow, max-snippet:-1, max-image-preview:large, max-video-preview:-1\" \/>\n<link rel=\"canonical\" href=\"https:\/\/www.traveltothemagic.net\/de\/rogers-das-musical-kommt-am-30-juni-ins-hyperion-theater\/\" \/>\n<meta property=\"og:locale\" content=\"de_DE\" \/>\n<meta property=\"og:type\" content=\"article\" \/>\n<meta property=\"og:title\" content=\"&quot;Rogers: Das Musical&quot; kommt am 30. Juni ins Hyperion Theater\" \/>\n<meta property=\"og:description\" content=\"&quot;Rogers: The Musical&quot; wird ab dem 30. Juni im Hyperion Theater im Disney California Adventure Park zu sehen sein! Diese brandneue Einakter-Produktion\" \/>\n<meta property=\"og:url\" content=\"https:\/\/www.traveltothemagic.net\/de\/rogers-das-musical-kommt-am-30-juni-ins-hyperion-theater\/\" \/>\n<meta property=\"og:site_name\" content=\"Travel to the Magic\" \/>\n<meta property=\"article:publisher\" content=\"https:\/\/www.facebook.com\/travelttmagic\/\" \/>\n<meta property=\"article:published_time\" content=\"2023-04-10T14:54:52+00:00\" \/>\n<meta property=\"article:modified_time\" content=\"2023-07-19T21:40:34+00:00\" \/>\n<meta property=\"og:image\" content=\"https:\/\/www.traveltothemagic.net\/wp-content\/uploads\/2023\/04\/Disneyland-Resort-Rogers-the-Musical.jpg\" \/>\n\t<meta property=\"og:image:width\" content=\"1080\" \/>\n\t<meta property=\"og:image:height\" content=\"607\" \/>\n\t<meta property=\"og:image:type\" content=\"image\/jpeg\" \/>\n<meta name=\"author\" content=\"Arvid Bux\" \/>\n<meta name=\"twitter:card\" content=\"summary_large_image\" \/>\n<meta name=\"twitter:creator\" content=\"@https:\/\/www.twitter.com\/arvid\" \/>\n<meta name=\"twitter:site\" content=\"@travelttmagic\" \/>\n<meta name=\"twitter:label1\" content=\"Verfasst von\" \/>\n\t<meta name=\"twitter:data1\" content=\"Arvid Bux\" \/>\n\t<meta name=\"twitter:label2\" content=\"Gesch\u00e4tzte Lesezeit\" \/>\n\t<meta name=\"twitter:data2\" content=\"1 Minute\" \/>\n<script type=\"application\/ld+json\" class=\"yoast-schema-graph\">{\"@context\":\"https:\/\/schema.org\",\"@graph\":[{\"@type\":\"Article\",\"@id\":\"https:\/\/www.traveltothemagic.net\/de\/rogers-das-musical-kommt-am-30-juni-ins-hyperion-theater\/#article\",\"isPartOf\":{\"@id\":\"https:\/\/www.traveltothemagic.net\/de\/rogers-das-musical-kommt-am-30-juni-ins-hyperion-theater\/\"},\"author\":{\"name\":\"Arvid Bux\",\"@id\":\"https:\/\/www.traveltothemagic.net\/de\/#\/schema\/person\/c85c693e7becead8be433a4f677c5094\"},\"headline\":\"&#8222;Rogers: Das Musical&#8220; kommt am 30. Juni ins Hyperion Theater\",\"datePublished\":\"2023-04-10T14:54:52+00:00\",\"dateModified\":\"2023-07-19T21:40:34+00:00\",\"mainEntityOfPage\":{\"@id\":\"https:\/\/www.traveltothemagic.net\/de\/rogers-das-musical-kommt-am-30-juni-ins-hyperion-theater\/\"},\"wordCount\":238,\"publisher\":{\"@id\":\"https:\/\/www.traveltothemagic.net\/de\/#organization\"},\"articleSection\":[\"Uncategorized\"],\"inLanguage\":\"de-DE\"},{\"@type\":\"WebPage\",\"@id\":\"https:\/\/www.traveltothemagic.net\/de\/rogers-das-musical-kommt-am-30-juni-ins-hyperion-theater\/\",\"url\":\"https:\/\/www.traveltothemagic.net\/de\/rogers-das-musical-kommt-am-30-juni-ins-hyperion-theater\/\",\"name\":\"\\\"Rogers: Das Musical\\\" kommt am 30. Juni ins Hyperion Theater - Travel to the Magic\",\"isPartOf\":{\"@id\":\"https:\/\/www.traveltothemagic.net\/de\/#website\"},\"datePublished\":\"2023-04-10T14:54:52+00:00\",\"dateModified\":\"2023-07-19T21:40:34+00:00\",\"breadcrumb\":{\"@id\":\"https:\/\/www.traveltothemagic.net\/de\/rogers-das-musical-kommt-am-30-juni-ins-hyperion-theater\/#breadcrumb\"},\"inLanguage\":\"de-DE\",\"potentialAction\":[{\"@type\":\"ReadAction\",\"target\":[\"https:\/\/www.traveltothemagic.net\/de\/rogers-das-musical-kommt-am-30-juni-ins-hyperion-theater\/\"]}]},{\"@type\":\"BreadcrumbList\",\"@id\":\"https:\/\/www.traveltothemagic.net\/de\/rogers-das-musical-kommt-am-30-juni-ins-hyperion-theater\/#breadcrumb\",\"itemListElement\":[{\"@type\":\"ListItem\",\"position\":1,\"name\":\"Home\",\"item\":\"https:\/\/www.traveltothemagic.net\/de\/titelseite\/\"},{\"@type\":\"ListItem\",\"position\":2,\"name\":\"Unkategorisiert\",\"item\":\"https:\/\/www.traveltothemagic.net\/de\/.\/unkategorisiert\/\"},{\"@type\":\"ListItem\",\"position\":3,\"name\":\"&#8220;Rogers: Das Musical&#8221; kommt am 30. Juni ins Hyperion Theater\"}]},{\"@type\":\"WebSite\",\"@id\":\"https:\/\/www.traveltothemagic.net\/de\/#website\",\"url\":\"https:\/\/www.traveltothemagic.net\/de\/\",\"name\":\"Travel to the Magic\",\"description\":\"Your resource for travel to Disney Parks and more\",\"publisher\":{\"@id\":\"https:\/\/www.traveltothemagic.net\/de\/#organization\"},\"potentialAction\":[{\"@type\":\"SearchAction\",\"target\":{\"@type\":\"EntryPoint\",\"urlTemplate\":\"https:\/\/www.traveltothemagic.net\/de\/?s={search_term_string}\"},\"query-input\":\"required name=search_term_string\"}],\"inLanguage\":\"de-DE\"},{\"@type\":\"Organization\",\"@id\":\"https:\/\/www.traveltothemagic.net\/de\/#organization\",\"name\":\"Travel to the Magic\",\"url\":\"https:\/\/www.traveltothemagic.net\/de\/\",\"logo\":{\"@type\":\"ImageObject\",\"inLanguage\":\"de-DE\",\"@id\":\"https:\/\/www.traveltothemagic.net\/de\/#\/schema\/logo\/image\/\",\"url\":\"https:\/\/www.traveltothemagic.net\/wp-content\/uploads\/2022\/05\/TTTM_Banner.png\",\"contentUrl\":\"https:\/\/www.traveltothemagic.net\/wp-content\/uploads\/2022\/05\/TTTM_Banner.png\",\"width\":2400,\"height\":587,\"caption\":\"Travel to the Magic\"},\"image\":{\"@id\":\"https:\/\/www.traveltothemagic.net\/de\/#\/schema\/logo\/image\/\"},\"sameAs\":[\"https:\/\/www.facebook.com\/travelttmagic\/\",\"https:\/\/twitter.com\/travelttmagic\",\"https:\/\/www.instagram.com\/travelttmagic\/\",\"https:\/\/www.youtube.com\/channel\/UCeE1x22RUo5og7XkiItPD5w\"]},{\"@type\":\"Person\",\"@id\":\"https:\/\/www.traveltothemagic.net\/de\/#\/schema\/person\/c85c693e7becead8be433a4f677c5094\",\"name\":\"Arvid Bux\",\"image\":{\"@type\":\"ImageObject\",\"inLanguage\":\"de-DE\",\"@id\":\"https:\/\/www.traveltothemagic.net\/de\/#\/schema\/person\/image\/\",\"url\":\"https:\/\/secure.gravatar.com\/avatar\/588590ee1fa85298ecdeb1c730f746bf?s=96&d=mm&r=g\",\"contentUrl\":\"https:\/\/secure.gravatar.com\/avatar\/588590ee1fa85298ecdeb1c730f746bf?s=96&d=mm&r=g\",\"caption\":\"Arvid Bux\"},\"sameAs\":[\"https:\/\/twitter.com\/https:\/\/www.twitter.com\/arvid\"],\"url\":\"https:\/\/www.traveltothemagic.net\/de\/author\/arvidbux\/\"}]}<\/script>\n<!-- \/ Yoast SEO Premium plugin. -->","yoast_head_json":{"title":"\"Rogers: Das Musical\" kommt am 30. Juni ins Hyperion Theater - Travel to the Magic","robots":{"index":"index","follow":"follow","max-snippet":"max-snippet:-1","max-image-preview":"max-image-preview:large","max-video-preview":"max-video-preview:-1"},"canonical":"https:\/\/www.traveltothemagic.net\/de\/rogers-das-musical-kommt-am-30-juni-ins-hyperion-theater\/","og_locale":"de_DE","og_type":"article","og_title":"\"Rogers: Das Musical\" kommt am 30. Juni ins Hyperion Theater","og_description":"\"Rogers: The Musical\" wird ab dem 30. Juni im Hyperion Theater im Disney California Adventure Park zu sehen sein! Diese brandneue Einakter-Produktion","og_url":"https:\/\/www.traveltothemagic.net\/de\/rogers-das-musical-kommt-am-30-juni-ins-hyperion-theater\/","og_site_name":"Travel to the Magic","article_publisher":"https:\/\/www.facebook.com\/travelttmagic\/","article_published_time":"2023-04-10T14:54:52+00:00","article_modified_time":"2023-07-19T21:40:34+00:00","og_image":[{"width":1080,"height":607,"url":"https:\/\/www.traveltothemagic.net\/wp-content\/uploads\/2023\/04\/Disneyland-Resort-Rogers-the-Musical.jpg","type":"image\/jpeg"}],"author":"Arvid Bux","twitter_card":"summary_large_image","twitter_creator":"@https:\/\/www.twitter.com\/arvid","twitter_site":"@travelttmagic","twitter_misc":{"Verfasst von":"Arvid Bux","Gesch\u00e4tzte Lesezeit":"1 Minute"},"schema":{"@context":"https:\/\/schema.org","@graph":[{"@type":"Article","@id":"https:\/\/www.traveltothemagic.net\/de\/rogers-das-musical-kommt-am-30-juni-ins-hyperion-theater\/#article","isPartOf":{"@id":"https:\/\/www.traveltothemagic.net\/de\/rogers-das-musical-kommt-am-30-juni-ins-hyperion-theater\/"},"author":{"name":"Arvid Bux","@id":"https:\/\/www.traveltothemagic.net\/de\/#\/schema\/person\/c85c693e7becead8be433a4f677c5094"},"headline":"&#8222;Rogers: Das Musical&#8220; kommt am 30. Juni ins Hyperion Theater","datePublished":"2023-04-10T14:54:52+00:00","dateModified":"2023-07-19T21:40:34+00:00","mainEntityOfPage":{"@id":"https:\/\/www.traveltothemagic.net\/de\/rogers-das-musical-kommt-am-30-juni-ins-hyperion-theater\/"},"wordCount":238,"publisher":{"@id":"https:\/\/www.traveltothemagic.net\/de\/#organization"},"articleSection":["Uncategorized"],"inLanguage":"de-DE"},{"@type":"WebPage","@id":"https:\/\/www.traveltothemagic.net\/de\/rogers-das-musical-kommt-am-30-juni-ins-hyperion-theater\/","url":"https:\/\/www.traveltothemagic.net\/de\/rogers-das-musical-kommt-am-30-juni-ins-hyperion-theater\/","name":"\"Rogers: Das Musical\" kommt am 30. Juni ins Hyperion Theater - Travel to the Magic","isPartOf":{"@id":"https:\/\/www.traveltothemagic.net\/de\/#website"},"datePublished":"2023-04-10T14:54:52+00:00","dateModified":"2023-07-19T21:40:34+00:00","breadcrumb":{"@id":"https:\/\/www.traveltothemagic.net\/de\/rogers-das-musical-kommt-am-30-juni-ins-hyperion-theater\/#breadcrumb"},"inLanguage":"de-DE","potentialAction":[{"@type":"ReadAction","target":["https:\/\/www.traveltothemagic.net\/de\/rogers-das-musical-kommt-am-30-juni-ins-hyperion-theater\/"]}]},{"@type":"BreadcrumbList","@id":"https:\/\/www.traveltothemagic.net\/de\/rogers-das-musical-kommt-am-30-juni-ins-hyperion-theater\/#breadcrumb","itemListElement":[{"@type":"ListItem","position":1,"name":"Home","item":"https:\/\/www.traveltothemagic.net\/de\/titelseite\/"},{"@type":"ListItem","position":2,"name":"Unkategorisiert","item":"https:\/\/www.traveltothemagic.net\/de\/.\/unkategorisiert\/"},{"@type":"ListItem","position":3,"name":"&#8220;Rogers: Das Musical&#8221; kommt am 30. Juni ins Hyperion Theater"}]},{"@type":"WebSite","@id":"https:\/\/www.traveltothemagic.net\/de\/#website","url":"https:\/\/www.traveltothemagic.net\/de\/","name":"Travel to the Magic","description":"Your resource for travel to Disney Parks and more","publisher":{"@id":"https:\/\/www.traveltothemagic.net\/de\/#organization"},"potentialAction":[{"@type":"SearchAction","target":{"@type":"EntryPoint","urlTemplate":"https:\/\/www.traveltothemagic.net\/de\/?s={search_term_string}"},"query-input":"required name=search_term_string"}],"inLanguage":"de-DE"},{"@type":"Organization","@id":"https:\/\/www.traveltothemagic.net\/de\/#organization","name":"Travel to the Magic","url":"https:\/\/www.traveltothemagic.net\/de\/","logo":{"@type":"ImageObject","inLanguage":"de-DE","@id":"https:\/\/www.traveltothemagic.net\/de\/#\/schema\/logo\/image\/","url":"https:\/\/www.traveltothemagic.net\/wp-content\/uploads\/2022\/05\/TTTM_Banner.png","contentUrl":"https:\/\/www.traveltothemagic.net\/wp-content\/uploads\/2022\/05\/TTTM_Banner.png","width":2400,"height":587,"caption":"Travel to the Magic"},"image":{"@id":"https:\/\/www.traveltothemagic.net\/de\/#\/schema\/logo\/image\/"},"sameAs":["https:\/\/www.facebook.com\/travelttmagic\/","https:\/\/twitter.com\/travelttmagic","https:\/\/www.instagram.com\/travelttmagic\/","https:\/\/www.youtube.com\/channel\/UCeE1x22RUo5og7XkiItPD5w"]},{"@type":"Person","@id":"https:\/\/www.traveltothemagic.net\/de\/#\/schema\/person\/c85c693e7becead8be433a4f677c5094","name":"Arvid Bux","image":{"@type":"ImageObject","inLanguage":"de-DE","@id":"https:\/\/www.traveltothemagic.net\/de\/#\/schema\/person\/image\/","url":"https:\/\/secure.gravatar.com\/avatar\/588590ee1fa85298ecdeb1c730f746bf?s=96&d=mm&r=g","contentUrl":"https:\/\/secure.gravatar.com\/avatar\/588590ee1fa85298ecdeb1c730f746bf?s=96&d=mm&r=g","caption":"Arvid Bux"},"sameAs":["https:\/\/twitter.com\/https:\/\/www.twitter.com\/arvid"],"url":"https:\/\/www.traveltothemagic.net\/de\/author\/arvidbux\/"}]}},"modified_by":null,"_links":{"self":[{"href":"https:\/\/www.traveltothemagic.net\/de\/wp-json\/wp\/v2\/posts\/105693"}],"collection":[{"href":"https:\/\/www.traveltothemagic.net\/de\/wp-json\/wp\/v2\/posts"}],"about":[{"href":"https:\/\/www.traveltothemagic.net\/de\/wp-json\/wp\/v2\/types\/post"}],"author":[{"embeddable":true,"href":"https:\/\/www.traveltothemagic.net\/de\/wp-json\/wp\/v2\/users\/1"}],"replies":[{"embeddable":true,"href":"https:\/\/www.traveltothemagic.net\/de\/wp-json\/wp\/v2\/comments?post=105693"}],"version-history":[{"count":0,"href":"https:\/\/www.traveltothemagic.net\/de\/wp-json\/wp\/v2\/posts\/105693\/revisions"}],"wp:featuredmedia":[{"embeddable":true,"href":"https:\/\/www.traveltothemagic.net\/de\/wp-json\/wp\/v2\/media\/104609"}],"wp:attachment":[{"href":"https:\/\/www.traveltothemagic.net\/de\/wp-json\/wp\/v2\/media?parent=105693"}],"wp:term":[{"taxonomy":"category","embeddable":true,"href":"https:\/\/www.traveltothemagic.net\/de\/wp-json\/wp\/v2\/categories?post=105693"},{"taxonomy":"post_tag","embeddable":true,"href":"https:\/\/www.traveltothemagic.net\/de\/wp-json\/wp\/v2\/tags?post=105693"}],"curies":[{"name":"wp","href":"https:\/\/api.w.org\/{rel}","templated":true}]}}