{"id":100038,"date":"2022-07-15T23:07:24","date_gmt":"2022-07-15T21:07:24","guid":{"rendered":"https:\/\/www.traveltothemagic.net\/das-disneyland-forever-feuerwerk-und-die-main-street-electrical-parade-beenden-ihre-zeitlich-begrenzten-auftritte-am-1-september\/"},"modified":"2022-07-15T23:07:24","modified_gmt":"2022-07-15T21:07:24","slug":"das-disneyland-forever-feuerwerk-und-die-main-street-electrical-parade-beenden-ihre-zeitlich-begrenzten-auftritte-am-1-september","status":"publish","type":"post","link":"https:\/\/www.traveltothemagic.net\/de\/das-disneyland-forever-feuerwerk-und-die-main-street-electrical-parade-beenden-ihre-zeitlich-begrenzten-auftritte-am-1-september\/","title":{"rendered":"Das &#8222;Disneyland Forever&#8220;-Feuerwerk und die &#8222;Main Street Electrical Parade&#8220; beenden ihre zeitlich begrenzten Auftritte am 1. September"},"content":{"rendered":"<p><a href=\"https:\/\/disneyparks.disney.go.com\/blog\/2022\/07\/catch-disneyland-forever-fireworks-main-street-electrical-parade-before-their-limited-time-runs-end-sept-1\/\">\u00dcber den Disney Parks Blog<\/a> haben wir erfahren, dass sowohl die &#8222;Main Street Electrical Parade&#8220; als auch das &#8222;Disneyland Forever&#8220;-Feuerwerk am 1. September 2022 auslaufen werden. Bis dahin k\u00f6nnen die G\u00e4ste weiterhin das Feuerwerksspektakel &#8222;Disneyland Forever&#8220; und die 50-Jahr-Feier der &#8222;Main Street Electrical Parade&#8220; jeden Abend erleben.<\/p>\n<p><img decoding=\"async\" class=\"alignnone size-full wp-image-100020\" src=\"https:\/\/www.traveltothemagic.net\/wp-content\/uploads\/2022\/07\/Disneyland-MSEP-and-Fireworks-ending.jpg\" alt=\"\" width=\"1280\" height=\"720\" srcset=\"https:\/\/www.traveltothemagic.net\/wp-content\/uploads\/2022\/07\/Disneyland-MSEP-and-Fireworks-ending.jpg 1280w, https:\/\/www.traveltothemagic.net\/wp-content\/uploads\/2022\/07\/Disneyland-MSEP-and-Fireworks-ending-300x169.jpg 300w, https:\/\/www.traveltothemagic.net\/wp-content\/uploads\/2022\/07\/Disneyland-MSEP-and-Fireworks-ending-768x432.jpg 768w\" sizes=\"(max-width: 1280px) 100vw, 1280px\" \/><\/p>\n<p>Das &#8222;Disneyland Forever&#8220;-Feuerwerk ist ein Fest von der Stra\u00dfe bis in den Himmel mit funkelnder Pyrotechnik und beeindruckenden Projektionen, die dich in eine atemberaubende Reise mit \u00fcberraschenden Spezialeffekten einh\u00fcllen. Dieses Spektakel entf\u00fchrt die G\u00e4ste von einem Orangenhain in Anaheim in die Welten der zeitlosen Disney- und Pixar-Geschichten.<\/p>\n<p><img decoding=\"async\" class=\"alignnone size-full wp-image-100025\" src=\"https:\/\/www.traveltothemagic.net\/wp-content\/uploads\/2022\/07\/Disneyland-Fireworks-Disneyland-Forever.jpg\" alt=\"\" width=\"900\" height=\"601\" srcset=\"https:\/\/www.traveltothemagic.net\/wp-content\/uploads\/2022\/07\/Disneyland-Fireworks-Disneyland-Forever.jpg 900w, https:\/\/www.traveltothemagic.net\/wp-content\/uploads\/2022\/07\/Disneyland-Fireworks-Disneyland-Forever-300x200.jpg 300w, https:\/\/www.traveltothemagic.net\/wp-content\/uploads\/2022\/07\/Disneyland-Fireworks-Disneyland-Forever-768x513.jpg 768w\" sizes=\"(max-width: 900px) 100vw, 900px\" \/><\/p>\n<p>Seit mehr als f\u00fcnf Jahrzehnten bringt die &#8222;Main Street Electrical Parade&#8220; Generationen von Familien und Freunden aus der ganzen Welt zusammen, um die n\u00e4chtliche Magie und Fantasie zu genie\u00dfen. Angef\u00fchrt von der kultigen Zug- und Trommeleinheit mit Mickey Mouse, Minnie Mouse und Goofy f\u00fcllt diese bei den Fans beliebte Parade den Disneyland Park mit kultiger Musik, funkelnden Lichtern und fantastischen Wagen, die Szenen aus Filmen wie &#8222;Alice im Wunderland&#8220;, &#8222;Cinderella&#8220;, &#8222;Pinocchio&#8220; und mehr darstellen.<\/p>\n<p><img decoding=\"async\" class=\"alignnone size-full wp-image-100030\" src=\"https:\/\/www.traveltothemagic.net\/wp-content\/uploads\/2022\/07\/Disneyland-MSEP-50th-float.jpg\" alt=\"\" width=\"900\" height=\"507\" srcset=\"https:\/\/www.traveltothemagic.net\/wp-content\/uploads\/2022\/07\/Disneyland-MSEP-50th-float.jpg 900w, https:\/\/www.traveltothemagic.net\/wp-content\/uploads\/2022\/07\/Disneyland-MSEP-50th-float-300x169.jpg 300w, https:\/\/www.traveltothemagic.net\/wp-content\/uploads\/2022\/07\/Disneyland-MSEP-50th-float-768x433.jpg 768w\" sizes=\"(max-width: 900px) 100vw, 900px\" \/><\/p>\n<p>Zur Feier ihres runden Geburtstages in diesem Jahr hat dieMain Street Electrical Paradeein v\u00f6llig neues, verzaubertes gro\u00dfes Finale, das das Thema Zusammengeh\u00f6rigkeit feiert und mehr als ein Dutzend Geschichten der Walt Disney Animation Studios und Pixar Animation Studios vereint. W\u00e4hrend das gro\u00dfe Finale vorbeizieht, sehen die G\u00e4ste auf jeder Seite der Paradenroute eine andere Reihe stilisierter Szenen aus klassischen und modernen Lieblingsgeschichten wie &#8222;Encanto&#8220;, &#8222;Das Dschungelbuch&#8220;, &#8222;Raya und der letzte Drache&#8220;, &#8222;Aladdin&#8220;, &#8222;Coco&#8220;, &#8222;Mulan&#8220;, &#8222;Brave&#8220;, &#8222;Die Prinzessin und der Frosch&#8220; und mehr.<\/p>\n","protected":false},"excerpt":{"rendered":"<p>\u00dcber den Disney Parks Blog haben wir erfahren, dass sowohl die &#8222;Main Street Electrical Parade&#8220; als auch das &#8222;Disneyland Forever&#8220;-Feuerwerk am 1. September 2022 auslaufen werden. Bis dahin k\u00f6nnen die G\u00e4ste weiterhin das Feuerwerksspektakel &#8222;Disneyland Forever&#8220; und die 50-Jahr-Feier der &#8222;Main Street Electrical Parade&#8220; jeden Abend erleben. Das &#8222;Disneyland Forever&#8220;-Feuerwerk ist ein Fest von der &#8230; <a title=\"Das &#8222;Disneyland Forever&#8220;-Feuerwerk und die &#8222;Main Street Electrical Parade&#8220; beenden ihre zeitlich begrenzten Auftritte am 1. September\" class=\"read-more\" href=\"https:\/\/www.traveltothemagic.net\/de\/das-disneyland-forever-feuerwerk-und-die-main-street-electrical-parade-beenden-ihre-zeitlich-begrenzten-auftritte-am-1-september\/\" aria-label=\"Read more about Das &#8222;Disneyland Forever&#8220;-Feuerwerk und die &#8222;Main Street Electrical Parade&#8220; beenden ihre zeitlich begrenzten Auftritte am 1. September\">Read more<\/a><\/p>\n","protected":false},"author":1,"featured_media":100020,"comment_status":"closed","ping_status":"closed","sticky":false,"template":"","format":"standard","meta":{"_lmt_disableupdate":"","_lmt_disable":"","footnotes":""},"categories":[1],"tags":[],"yoast_head":"<!-- This site is optimized with the Yoast SEO Premium plugin v20.11 (Yoast SEO v21.3) - https:\/\/yoast.com\/wordpress\/plugins\/seo\/ -->\n<title>Das &quot;Disneyland Forever&quot;-Feuerwerk und die &quot;Main Street Electrical Parade&quot; beenden ihre zeitlich begrenzten Auftritte am 1. September - Travel to the Magic<\/title>\n<meta name=\"robots\" content=\"index, follow, max-snippet:-1, max-image-preview:large, max-video-preview:-1\" \/>\n<link rel=\"canonical\" href=\"https:\/\/www.traveltothemagic.net\/de\/das-disneyland-forever-feuerwerk-und-die-main-street-electrical-parade-beenden-ihre-zeitlich-begrenzten-auftritte-am-1-september\/\" \/>\n<meta property=\"og:locale\" content=\"de_DE\" \/>\n<meta property=\"og:type\" content=\"article\" \/>\n<meta property=\"og:title\" content=\"Das &quot;Disneyland Forever&quot;-Feuerwerk und die &quot;Main Street Electrical Parade&quot; beenden ihre zeitlich begrenzten Auftritte am 1. September\" \/>\n<meta property=\"og:description\" content=\"\u00dcber den Disney Parks Blog haben wir erfahren, dass sowohl die &quot;Main Street Electrical Parade&quot; als auch das &quot;Disneyland Forever&quot;-Feuerwerk am 1. September\" \/>\n<meta property=\"og:url\" content=\"https:\/\/www.traveltothemagic.net\/de\/das-disneyland-forever-feuerwerk-und-die-main-street-electrical-parade-beenden-ihre-zeitlich-begrenzten-auftritte-am-1-september\/\" \/>\n<meta property=\"og:site_name\" content=\"Travel to the Magic\" \/>\n<meta property=\"article:publisher\" content=\"https:\/\/www.facebook.com\/travelttmagic\/\" \/>\n<meta property=\"article:published_time\" content=\"2022-07-15T21:07:24+00:00\" \/>\n<meta property=\"og:image\" content=\"https:\/\/www.traveltothemagic.net\/wp-content\/uploads\/2022\/07\/Disneyland-MSEP-and-Fireworks-ending.jpg\" \/>\n\t<meta property=\"og:image:width\" content=\"1280\" \/>\n\t<meta property=\"og:image:height\" content=\"720\" \/>\n\t<meta property=\"og:image:type\" content=\"image\/jpeg\" \/>\n<meta name=\"author\" content=\"Arvid Bux\" \/>\n<meta name=\"twitter:card\" content=\"summary_large_image\" \/>\n<meta name=\"twitter:creator\" content=\"@https:\/\/www.twitter.com\/arvid\" \/>\n<meta name=\"twitter:site\" content=\"@travelttmagic\" \/>\n<meta name=\"twitter:label1\" content=\"Verfasst von\" \/>\n\t<meta name=\"twitter:data1\" content=\"Arvid Bux\" \/>\n\t<meta name=\"twitter:label2\" content=\"Gesch\u00e4tzte Lesezeit\" \/>\n\t<meta name=\"twitter:data2\" content=\"1 Minute\" \/>\n<script type=\"application\/ld+json\" class=\"yoast-schema-graph\">{\"@context\":\"https:\/\/schema.org\",\"@graph\":[{\"@type\":\"Article\",\"@id\":\"https:\/\/www.traveltothemagic.net\/de\/das-disneyland-forever-feuerwerk-und-die-main-street-electrical-parade-beenden-ihre-zeitlich-begrenzten-auftritte-am-1-september\/#article\",\"isPartOf\":{\"@id\":\"https:\/\/www.traveltothemagic.net\/de\/das-disneyland-forever-feuerwerk-und-die-main-street-electrical-parade-beenden-ihre-zeitlich-begrenzten-auftritte-am-1-september\/\"},\"author\":{\"name\":\"Arvid Bux\",\"@id\":\"https:\/\/www.traveltothemagic.net\/de\/#\/schema\/person\/c85c693e7becead8be433a4f677c5094\"},\"headline\":\"Das &#8222;Disneyland Forever&#8220;-Feuerwerk und die &#8222;Main Street Electrical Parade&#8220; beenden ihre zeitlich begrenzten Auftritte am 1. September\",\"datePublished\":\"2022-07-15T21:07:24+00:00\",\"dateModified\":\"2022-07-15T21:07:24+00:00\",\"mainEntityOfPage\":{\"@id\":\"https:\/\/www.traveltothemagic.net\/de\/das-disneyland-forever-feuerwerk-und-die-main-street-electrical-parade-beenden-ihre-zeitlich-begrenzten-auftritte-am-1-september\/\"},\"wordCount\":284,\"publisher\":{\"@id\":\"https:\/\/www.traveltothemagic.net\/de\/#organization\"},\"articleSection\":[\"Uncategorized\"],\"inLanguage\":\"de-DE\"},{\"@type\":\"WebPage\",\"@id\":\"https:\/\/www.traveltothemagic.net\/de\/das-disneyland-forever-feuerwerk-und-die-main-street-electrical-parade-beenden-ihre-zeitlich-begrenzten-auftritte-am-1-september\/\",\"url\":\"https:\/\/www.traveltothemagic.net\/de\/das-disneyland-forever-feuerwerk-und-die-main-street-electrical-parade-beenden-ihre-zeitlich-begrenzten-auftritte-am-1-september\/\",\"name\":\"Das \\\"Disneyland Forever\\\"-Feuerwerk und die \\\"Main Street Electrical Parade\\\" beenden ihre zeitlich begrenzten Auftritte am 1. September - Travel to the Magic\",\"isPartOf\":{\"@id\":\"https:\/\/www.traveltothemagic.net\/de\/#website\"},\"datePublished\":\"2022-07-15T21:07:24+00:00\",\"dateModified\":\"2022-07-15T21:07:24+00:00\",\"breadcrumb\":{\"@id\":\"https:\/\/www.traveltothemagic.net\/de\/das-disneyland-forever-feuerwerk-und-die-main-street-electrical-parade-beenden-ihre-zeitlich-begrenzten-auftritte-am-1-september\/#breadcrumb\"},\"inLanguage\":\"de-DE\",\"potentialAction\":[{\"@type\":\"ReadAction\",\"target\":[\"https:\/\/www.traveltothemagic.net\/de\/das-disneyland-forever-feuerwerk-und-die-main-street-electrical-parade-beenden-ihre-zeitlich-begrenzten-auftritte-am-1-september\/\"]}]},{\"@type\":\"BreadcrumbList\",\"@id\":\"https:\/\/www.traveltothemagic.net\/de\/das-disneyland-forever-feuerwerk-und-die-main-street-electrical-parade-beenden-ihre-zeitlich-begrenzten-auftritte-am-1-september\/#breadcrumb\",\"itemListElement\":[{\"@type\":\"ListItem\",\"position\":1,\"name\":\"Home\",\"item\":\"https:\/\/www.traveltothemagic.net\/de\/titelseite\/\"},{\"@type\":\"ListItem\",\"position\":2,\"name\":\"Unkategorisiert\",\"item\":\"https:\/\/www.traveltothemagic.net\/de\/.\/unkategorisiert\/\"},{\"@type\":\"ListItem\",\"position\":3,\"name\":\"Das &#8220;Disneyland Forever&#8221;-Feuerwerk und die &#8220;Main Street Electrical Parade&#8221; beenden ihre zeitlich begrenzten Auftritte am 1. September\"}]},{\"@type\":\"WebSite\",\"@id\":\"https:\/\/www.traveltothemagic.net\/de\/#website\",\"url\":\"https:\/\/www.traveltothemagic.net\/de\/\",\"name\":\"Travel to the Magic\",\"description\":\"Your resource for travel to Disney Parks and more\",\"publisher\":{\"@id\":\"https:\/\/www.traveltothemagic.net\/de\/#organization\"},\"potentialAction\":[{\"@type\":\"SearchAction\",\"target\":{\"@type\":\"EntryPoint\",\"urlTemplate\":\"https:\/\/www.traveltothemagic.net\/de\/?s={search_term_string}\"},\"query-input\":\"required name=search_term_string\"}],\"inLanguage\":\"de-DE\"},{\"@type\":\"Organization\",\"@id\":\"https:\/\/www.traveltothemagic.net\/de\/#organization\",\"name\":\"Travel to the Magic\",\"url\":\"https:\/\/www.traveltothemagic.net\/de\/\",\"logo\":{\"@type\":\"ImageObject\",\"inLanguage\":\"de-DE\",\"@id\":\"https:\/\/www.traveltothemagic.net\/de\/#\/schema\/logo\/image\/\",\"url\":\"https:\/\/www.traveltothemagic.net\/wp-content\/uploads\/2022\/05\/TTTM_Banner.png\",\"contentUrl\":\"https:\/\/www.traveltothemagic.net\/wp-content\/uploads\/2022\/05\/TTTM_Banner.png\",\"width\":2400,\"height\":587,\"caption\":\"Travel to the Magic\"},\"image\":{\"@id\":\"https:\/\/www.traveltothemagic.net\/de\/#\/schema\/logo\/image\/\"},\"sameAs\":[\"https:\/\/www.facebook.com\/travelttmagic\/\",\"https:\/\/twitter.com\/travelttmagic\",\"https:\/\/www.instagram.com\/travelttmagic\/\",\"https:\/\/www.youtube.com\/channel\/UCeE1x22RUo5og7XkiItPD5w\"]},{\"@type\":\"Person\",\"@id\":\"https:\/\/www.traveltothemagic.net\/de\/#\/schema\/person\/c85c693e7becead8be433a4f677c5094\",\"name\":\"Arvid Bux\",\"image\":{\"@type\":\"ImageObject\",\"inLanguage\":\"de-DE\",\"@id\":\"https:\/\/www.traveltothemagic.net\/de\/#\/schema\/person\/image\/\",\"url\":\"https:\/\/secure.gravatar.com\/avatar\/588590ee1fa85298ecdeb1c730f746bf?s=96&d=mm&r=g\",\"contentUrl\":\"https:\/\/secure.gravatar.com\/avatar\/588590ee1fa85298ecdeb1c730f746bf?s=96&d=mm&r=g\",\"caption\":\"Arvid Bux\"},\"sameAs\":[\"https:\/\/twitter.com\/https:\/\/www.twitter.com\/arvid\"],\"url\":\"https:\/\/www.traveltothemagic.net\/de\/author\/arvidbux\/\"}]}<\/script>\n<!-- \/ Yoast SEO Premium plugin. -->","yoast_head_json":{"title":"Das \"Disneyland Forever\"-Feuerwerk und die \"Main Street Electrical Parade\" beenden ihre zeitlich begrenzten Auftritte am 1. September - Travel to the Magic","robots":{"index":"index","follow":"follow","max-snippet":"max-snippet:-1","max-image-preview":"max-image-preview:large","max-video-preview":"max-video-preview:-1"},"canonical":"https:\/\/www.traveltothemagic.net\/de\/das-disneyland-forever-feuerwerk-und-die-main-street-electrical-parade-beenden-ihre-zeitlich-begrenzten-auftritte-am-1-september\/","og_locale":"de_DE","og_type":"article","og_title":"Das \"Disneyland Forever\"-Feuerwerk und die \"Main Street Electrical Parade\" beenden ihre zeitlich begrenzten Auftritte am 1. September","og_description":"\u00dcber den Disney Parks Blog haben wir erfahren, dass sowohl die \"Main Street Electrical Parade\" als auch das \"Disneyland Forever\"-Feuerwerk am 1. September","og_url":"https:\/\/www.traveltothemagic.net\/de\/das-disneyland-forever-feuerwerk-und-die-main-street-electrical-parade-beenden-ihre-zeitlich-begrenzten-auftritte-am-1-september\/","og_site_name":"Travel to the Magic","article_publisher":"https:\/\/www.facebook.com\/travelttmagic\/","article_published_time":"2022-07-15T21:07:24+00:00","og_image":[{"width":1280,"height":720,"url":"https:\/\/www.traveltothemagic.net\/wp-content\/uploads\/2022\/07\/Disneyland-MSEP-and-Fireworks-ending.jpg","type":"image\/jpeg"}],"author":"Arvid Bux","twitter_card":"summary_large_image","twitter_creator":"@https:\/\/www.twitter.com\/arvid","twitter_site":"@travelttmagic","twitter_misc":{"Verfasst von":"Arvid Bux","Gesch\u00e4tzte Lesezeit":"1 Minute"},"schema":{"@context":"https:\/\/schema.org","@graph":[{"@type":"Article","@id":"https:\/\/www.traveltothemagic.net\/de\/das-disneyland-forever-feuerwerk-und-die-main-street-electrical-parade-beenden-ihre-zeitlich-begrenzten-auftritte-am-1-september\/#article","isPartOf":{"@id":"https:\/\/www.traveltothemagic.net\/de\/das-disneyland-forever-feuerwerk-und-die-main-street-electrical-parade-beenden-ihre-zeitlich-begrenzten-auftritte-am-1-september\/"},"author":{"name":"Arvid Bux","@id":"https:\/\/www.traveltothemagic.net\/de\/#\/schema\/person\/c85c693e7becead8be433a4f677c5094"},"headline":"Das &#8222;Disneyland Forever&#8220;-Feuerwerk und die &#8222;Main Street Electrical Parade&#8220; beenden ihre zeitlich begrenzten Auftritte am 1. September","datePublished":"2022-07-15T21:07:24+00:00","dateModified":"2022-07-15T21:07:24+00:00","mainEntityOfPage":{"@id":"https:\/\/www.traveltothemagic.net\/de\/das-disneyland-forever-feuerwerk-und-die-main-street-electrical-parade-beenden-ihre-zeitlich-begrenzten-auftritte-am-1-september\/"},"wordCount":284,"publisher":{"@id":"https:\/\/www.traveltothemagic.net\/de\/#organization"},"articleSection":["Uncategorized"],"inLanguage":"de-DE"},{"@type":"WebPage","@id":"https:\/\/www.traveltothemagic.net\/de\/das-disneyland-forever-feuerwerk-und-die-main-street-electrical-parade-beenden-ihre-zeitlich-begrenzten-auftritte-am-1-september\/","url":"https:\/\/www.traveltothemagic.net\/de\/das-disneyland-forever-feuerwerk-und-die-main-street-electrical-parade-beenden-ihre-zeitlich-begrenzten-auftritte-am-1-september\/","name":"Das \"Disneyland Forever\"-Feuerwerk und die \"Main Street Electrical Parade\" beenden ihre zeitlich begrenzten Auftritte am 1. September - Travel to the Magic","isPartOf":{"@id":"https:\/\/www.traveltothemagic.net\/de\/#website"},"datePublished":"2022-07-15T21:07:24+00:00","dateModified":"2022-07-15T21:07:24+00:00","breadcrumb":{"@id":"https:\/\/www.traveltothemagic.net\/de\/das-disneyland-forever-feuerwerk-und-die-main-street-electrical-parade-beenden-ihre-zeitlich-begrenzten-auftritte-am-1-september\/#breadcrumb"},"inLanguage":"de-DE","potentialAction":[{"@type":"ReadAction","target":["https:\/\/www.traveltothemagic.net\/de\/das-disneyland-forever-feuerwerk-und-die-main-street-electrical-parade-beenden-ihre-zeitlich-begrenzten-auftritte-am-1-september\/"]}]},{"@type":"BreadcrumbList","@id":"https:\/\/www.traveltothemagic.net\/de\/das-disneyland-forever-feuerwerk-und-die-main-street-electrical-parade-beenden-ihre-zeitlich-begrenzten-auftritte-am-1-september\/#breadcrumb","itemListElement":[{"@type":"ListItem","position":1,"name":"Home","item":"https:\/\/www.traveltothemagic.net\/de\/titelseite\/"},{"@type":"ListItem","position":2,"name":"Unkategorisiert","item":"https:\/\/www.traveltothemagic.net\/de\/.\/unkategorisiert\/"},{"@type":"ListItem","position":3,"name":"Das &#8220;Disneyland Forever&#8221;-Feuerwerk und die &#8220;Main Street Electrical Parade&#8221; beenden ihre zeitlich begrenzten Auftritte am 1. September"}]},{"@type":"WebSite","@id":"https:\/\/www.traveltothemagic.net\/de\/#website","url":"https:\/\/www.traveltothemagic.net\/de\/","name":"Travel to the Magic","description":"Your resource for travel to Disney Parks and more","publisher":{"@id":"https:\/\/www.traveltothemagic.net\/de\/#organization"},"potentialAction":[{"@type":"SearchAction","target":{"@type":"EntryPoint","urlTemplate":"https:\/\/www.traveltothemagic.net\/de\/?s={search_term_string}"},"query-input":"required name=search_term_string"}],"inLanguage":"de-DE"},{"@type":"Organization","@id":"https:\/\/www.traveltothemagic.net\/de\/#organization","name":"Travel to the Magic","url":"https:\/\/www.traveltothemagic.net\/de\/","logo":{"@type":"ImageObject","inLanguage":"de-DE","@id":"https:\/\/www.traveltothemagic.net\/de\/#\/schema\/logo\/image\/","url":"https:\/\/www.traveltothemagic.net\/wp-content\/uploads\/2022\/05\/TTTM_Banner.png","contentUrl":"https:\/\/www.traveltothemagic.net\/wp-content\/uploads\/2022\/05\/TTTM_Banner.png","width":2400,"height":587,"caption":"Travel to the Magic"},"image":{"@id":"https:\/\/www.traveltothemagic.net\/de\/#\/schema\/logo\/image\/"},"sameAs":["https:\/\/www.facebook.com\/travelttmagic\/","https:\/\/twitter.com\/travelttmagic","https:\/\/www.instagram.com\/travelttmagic\/","https:\/\/www.youtube.com\/channel\/UCeE1x22RUo5og7XkiItPD5w"]},{"@type":"Person","@id":"https:\/\/www.traveltothemagic.net\/de\/#\/schema\/person\/c85c693e7becead8be433a4f677c5094","name":"Arvid Bux","image":{"@type":"ImageObject","inLanguage":"de-DE","@id":"https:\/\/www.traveltothemagic.net\/de\/#\/schema\/person\/image\/","url":"https:\/\/secure.gravatar.com\/avatar\/588590ee1fa85298ecdeb1c730f746bf?s=96&d=mm&r=g","contentUrl":"https:\/\/secure.gravatar.com\/avatar\/588590ee1fa85298ecdeb1c730f746bf?s=96&d=mm&r=g","caption":"Arvid Bux"},"sameAs":["https:\/\/twitter.com\/https:\/\/www.twitter.com\/arvid"],"url":"https:\/\/www.traveltothemagic.net\/de\/author\/arvidbux\/"}]}},"modified_by":null,"_links":{"self":[{"href":"https:\/\/www.traveltothemagic.net\/de\/wp-json\/wp\/v2\/posts\/100038"}],"collection":[{"href":"https:\/\/www.traveltothemagic.net\/de\/wp-json\/wp\/v2\/posts"}],"about":[{"href":"https:\/\/www.traveltothemagic.net\/de\/wp-json\/wp\/v2\/types\/post"}],"author":[{"embeddable":true,"href":"https:\/\/www.traveltothemagic.net\/de\/wp-json\/wp\/v2\/users\/1"}],"replies":[{"embeddable":true,"href":"https:\/\/www.traveltothemagic.net\/de\/wp-json\/wp\/v2\/comments?post=100038"}],"version-history":[{"count":0,"href":"https:\/\/www.traveltothemagic.net\/de\/wp-json\/wp\/v2\/posts\/100038\/revisions"}],"wp:featuredmedia":[{"embeddable":true,"href":"https:\/\/www.traveltothemagic.net\/de\/wp-json\/wp\/v2\/media\/100020"}],"wp:attachment":[{"href":"https:\/\/www.traveltothemagic.net\/de\/wp-json\/wp\/v2\/media?parent=100038"}],"wp:term":[{"taxonomy":"category","embeddable":true,"href":"https:\/\/www.traveltothemagic.net\/de\/wp-json\/wp\/v2\/categories?post=100038"},{"taxonomy":"post_tag","embeddable":true,"href":"https:\/\/www.traveltothemagic.net\/de\/wp-json\/wp\/v2\/tags?post=100038"}],"curies":[{"name":"wp","href":"https:\/\/api.w.org\/{rel}","templated":true}]}}